{"id":3870,"date":"2020-10-22T19:05:38","date_gmt":"2020-10-22T19:05:38","guid":{"rendered":"https:\/\/obispadosanfelipe.cl\/2020\/?p=3870"},"modified":"2020-10-22T19:05:38","modified_gmt":"2020-10-22T19:05:38","slug":"se-invita-a-participar-en-el-plebiscito-de-manera-segura","status":"publish","type":"post","link":"https:\/\/obispadosanfelipe.cl\/2020\/se-invita-a-participar-en-el-plebiscito-de-manera-segura\/","title":{"rendered":"Se invita a participar en el plebiscito de manera segura"},"content":{"rendered":"<p>Ante el plebiscito de este domingo 25 de octubre, donde nuestro pa\u00eds vivir\u00e1 un proceso significativo de participaci\u00f3n ciudadana, en el cual deberemos decidir si aprobamos o rechazamos la propuesta de elaborar una nueva Constituci\u00f3n, se \u00a0invita a toda la Iglesia de Aconcagua a participar con responsabilidad en este proceso, siguiendo las recomendaciones entregadas por la autoridad sanitaria:<\/p>\n<p>-Recuerda asistir con mascarilla, idealmente desechable, llevar alcohol gel.<\/p>\n<p>-Llevar un l\u00e1piz pasta azul.<\/p>\n<p>&#8211; El horario de votaci\u00f3n es de 8.00 a 20.00 horas, haz fila manteniendo al menos 1 metro de distancia entre una persona y otra.<\/p>\n<p>-Al regresar a tu hogar retira la mascarilla y el calzado l\u00edmpialo con una soluci\u00f3n desinfectante, l\u00e1vate las manos, mu\u00f1eca y brazos por 20 segundos.<\/p>\n<p>\u201c<em>Es importante sentirse part\u00edcipes activos de la construcci\u00f3n de nuestra patria;\u00a0 desde ya invito a cumplir con la obligaci\u00f3n c\u00edvica de ir a votar en el Plebiscito, no sin antes informarse adecuadamente. Parte importante de lo que queremos ser estar\u00e1 regido por la carta constitucional, que deber\u00e1 marcar el camino de desarrollo humano integral<\/em>\u201d, palabras del Padre Gonzalo Bravo \u00c1lvarez, Obispo de San Felipe en el TE DEUM, septiembre 2020.<\/p>\n<p>&nbsp;<\/p>\n<p>Fuente: Oficina de Comunicaciones<\/p>\n","protected":false},"excerpt":{"rendered":"<p>Ante el plebiscito de este domingo 25 de octubre, donde nuestro pa\u00eds vivir\u00e1 un proceso significativo de participaci\u00f3n ciudadana, en el cual deberemos decidir si aprobamos o rechazamos la propuesta&hellip;<\/p>\n","protected":false},"author":1,"featured_media":3871,"comment_status":"closed","ping_status":"open","sticky":false,"template":"","format":"standard","meta":[],"categories":[6,5],"tags":[],"_links":{"self":[{"href":"https:\/\/obispadosanfelipe.cl\/2020\/wp-json\/wp\/v2\/posts\/3870"}],"collection":[{"href":"https:\/\/obispadosanfelipe.cl\/2020\/wp-json\/wp\/v2\/posts"}],"about":[{"href":"https:\/\/obispadosanfelipe.cl\/2020\/wp-json\/wp\/v2\/types\/post"}],"author":[{"embeddable":true,"href":"https:\/\/obispadosanfelipe.cl\/2020\/wp-json\/wp\/v2\/users\/1"}],"replies":[{"embeddable":true,"href":"https:\/\/obispadosanfelipe.cl\/2020\/wp-json\/wp\/v2\/comments?post=3870"}],"version-history":[{"count":0,"href":"https:\/\/obispadosanfelipe.cl\/2020\/wp-json\/wp\/v2\/posts\/3870\/revisions"}],"wp:featuredmedia":[{"embeddable":true,"href":"https:\/\/obispadosanfelipe.cl\/2020\/wp-json\/wp\/v2\/media\/3871"}],"wp:attachment":[{"href":"https:\/\/obispadosanfelipe.cl\/2020\/wp-json\/wp\/v2\/media?parent=3870"}],"wp:term":[{"taxonomy":"category","embeddable":true,"href":"https:\/\/obispadosanfelipe.cl\/2020\/wp-json\/wp\/v2\/categories?post=3870"},{"taxonomy":"post_tag","embeddable":true,"href":"https:\/\/obispadosanfelipe.cl\/2020\/wp-json\/wp\/v2\/tags?post=3870"}],"curies":[{"name":"wp","href":"https:\/\/api.w.org\/{rel}","templated":true}]}}