{"id":3874,"date":"2020-10-22T21:41:06","date_gmt":"2020-10-22T21:41:06","guid":{"rendered":"https:\/\/obispadosanfelipe.cl\/2020\/?p=3874"},"modified":"2020-10-22T21:45:19","modified_gmt":"2020-10-22T21:45:19","slug":"obispo-de-san-felipe-se-reune-con-alcalde-suplente-christian-beals-campos","status":"publish","type":"post","link":"https:\/\/obispadosanfelipe.cl\/2020\/obispo-de-san-felipe-se-reune-con-alcalde-suplente-christian-beals-campos\/","title":{"rendered":"Obispo de San Felipe se re\u00fane con Alcalde Suplente Christian Beals Campos"},"content":{"rendered":"<p>En una reuni\u00f3n realizada en la corporaci\u00f3n edilicia de San Felipe el d\u00eda de hoy, el Padre Gonzalo Bravo \u00c1lvarez, Obispo diocesano se reuni\u00f3n con Christian Beals Campos, Alcalde Suplente de la comuna, para hablar sobre la situaci\u00f3n del campamento ubicado en el sector surponiente de la ciudad.<\/p>\n<p>En dicho encuentro el Padre Gonzalo agradeci\u00f3 al Alcalde Suplente, la disponibilidad para poder reunirse y dialogar fraternalmente para aclarar algunas informaciones err\u00f3neas que la primera autoridad comunal tiene sobre el rol del Obispado de San Felipe en relaci\u00f3n a la ayuda humanitaria que se ha entregado al campamento y espec\u00edficamente a las personas que habitan en este sector.<\/p>\n<p>Adem\u00e1s en esta oportunidad el Padre Gonzalo le manifest\u00f3 sobre la reuni\u00f3n que tuvo el d\u00eda de ayer con cinco presidentes de las juntas de vecinos del sector surponiente, de las poblaciones La Nacional, Cerro Yevide, Sol del Inca, Las Camelias y Santa Rosa, quienes se han comprometido para trabajar mancomunadamente, con el Obispado de San Felipe, para encontrar soluciones a corto plazo \u00a0a la problem\u00e1ticas sociales que existen en este sector. Adicionalmente el d\u00eda de ma\u00f1ana viernes 23 de octubre se har\u00e1 entrega de una carta a la Municipalidad de San Felipe para invitarlos a trabajar de manera conjunta.<\/p>\n<p>Tambi\u00e9n el Padre Gonzalo invito al municipio sanfelipe\u00f1o a buscar \u00a0caminos en conjunto que permitan el desarrollo de una ciudad con mejor calidad de vida para todas las personas, sin exclusi\u00f3n de nadie.<\/p>\n<p>&nbsp;<\/p>\n<p>Fuente: Oficina de Comunicaciones<\/p>\n","protected":false},"excerpt":{"rendered":"<p>En una reuni\u00f3n realizada en la corporaci\u00f3n edilicia de San Felipe el d\u00eda de hoy, el Padre Gonzalo Bravo \u00c1lvarez, Obispo diocesano se reuni\u00f3n con Christian Beals Campos, Alcalde Suplente&hellip;<\/p>\n","protected":false},"author":1,"featured_media":3875,"comment_status":"closed","ping_status":"open","sticky":false,"template":"","format":"standard","meta":[],"categories":[6,5,8],"tags":[],"_links":{"self":[{"href":"https:\/\/obispadosanfelipe.cl\/2020\/wp-json\/wp\/v2\/posts\/3874"}],"collection":[{"href":"https:\/\/obispadosanfelipe.cl\/2020\/wp-json\/wp\/v2\/posts"}],"about":[{"href":"https:\/\/obispadosanfelipe.cl\/2020\/wp-json\/wp\/v2\/types\/post"}],"author":[{"embeddable":true,"href":"https:\/\/obispadosanfelipe.cl\/2020\/wp-json\/wp\/v2\/users\/1"}],"replies":[{"embeddable":true,"href":"https:\/\/obispadosanfelipe.cl\/2020\/wp-json\/wp\/v2\/comments?post=3874"}],"version-history":[{"count":0,"href":"https:\/\/obispadosanfelipe.cl\/2020\/wp-json\/wp\/v2\/posts\/3874\/revisions"}],"wp:featuredmedia":[{"embeddable":true,"href":"https:\/\/obispadosanfelipe.cl\/2020\/wp-json\/wp\/v2\/media\/3875"}],"wp:attachment":[{"href":"https:\/\/obispadosanfelipe.cl\/2020\/wp-json\/wp\/v2\/media?parent=3874"}],"wp:term":[{"taxonomy":"category","embeddable":true,"href":"https:\/\/obispadosanfelipe.cl\/2020\/wp-json\/wp\/v2\/categories?post=3874"},{"taxonomy":"post_tag","embeddable":true,"href":"https:\/\/obispadosanfelipe.cl\/2020\/wp-json\/wp\/v2\/tags?post=3874"}],"curies":[{"name":"wp","href":"https:\/\/api.w.org\/{rel}","templated":true}]}}