{"id":3879,"date":"2020-10-22T21:49:07","date_gmt":"2020-10-22T21:49:07","guid":{"rendered":"https:\/\/obispadosanfelipe.cl\/2020\/?p=3879"},"modified":"2020-10-22T21:50:00","modified_gmt":"2020-10-22T21:50:00","slug":"conformacion-del-consejo-diocesano-tecnico-economico-administrativo","status":"publish","type":"post","link":"https:\/\/obispadosanfelipe.cl\/2020\/conformacion-del-consejo-diocesano-tecnico-economico-administrativo\/","title":{"rendered":"Conformaci\u00f3n del Consejo diocesano T\u00e9cnico Econ\u00f3mico-Administrativo"},"content":{"rendered":"<p>El C\u00f3digo de Derecho Can\u00f3nico en los c\u00e1nones N\u00ba492 y 493 establece que en cada di\u00f3cesis ha de constituirse un Consejo de Asuntos Econ\u00f3micos presidido por el Obispo diocesano cuyos miembros sean expertos en materia econ\u00f3mica y en derecho civil y as\u00ed puedan, entre otras cosas,\u00a0 preparar cada a\u00f1o el presupuesto de ingresos y gastos para todo el r\u00e9gimen de la di\u00f3cesis en el a\u00f1o entrante, aprobar cuentas de ingresos y gastos a fin de a\u00f1o, etc. Tambi\u00e9n establece que el nombramiento es por un per\u00edodo de cinco a\u00f1os.<\/p>\n<p>Es as\u00ed que el Obispo diocesano, con fecha 12 de septiembre, ha nombrado un nuevo Consejo diocesano T\u00e9cnico Econ\u00f3mico-Administrativo para los pr\u00f3ximos cinco a\u00f1os. Los miembros son:<\/p>\n<p>Eduardo OLIVARES Guti\u00e9rrez<\/p>\n<p>Hern\u00e1n HERRERA Caballero<\/p>\n<p>Jos\u00e9 Ricardo AGUILERA Lobos<\/p>\n<p>Guido NAVEAS Riutort<\/p>\n<p>Santiago VENEGAS D\u00edaz<\/p>\n<p>Carla URBINA Hern\u00e1ndez<\/p>\n<p>Jos\u00e9 TORO Casanova<\/p>\n<p>Julio WOLF Alcayaga<\/p>\n<p>Gonzalo BULNES Cerda<\/p>\n<p>Pbro. Andr\u00e9s RODR\u00cdGUEZ Cataldo<\/p>\n<p>Arturo MIQUEL Vial<\/p>\n<p>&nbsp;<\/p>\n<p>P. Gonzalo est\u00e1 motivando a los diferentes p\u00e1rrocos para que tambi\u00e9n formen sus respectivos Consejo Econ\u00f3micos parroquiales como tambi\u00e9n lo establece el Derecho Can\u00f3nico (c.537).<\/p>\n<p>&nbsp;<\/p>\n<p>Fuente: Canciller<\/p>\n","protected":false},"excerpt":{"rendered":"<p>El C\u00f3digo de Derecho Can\u00f3nico en los c\u00e1nones N\u00ba492 y 493 establece que en cada di\u00f3cesis ha de constituirse un Consejo de Asuntos Econ\u00f3micos presidido por el Obispo diocesano cuyos&hellip;<\/p>\n","protected":false},"author":1,"featured_media":102,"comment_status":"closed","ping_status":"open","sticky":false,"template":"","format":"standard","meta":[],"categories":[6,5,3],"tags":[],"_links":{"self":[{"href":"https:\/\/obispadosanfelipe.cl\/2020\/wp-json\/wp\/v2\/posts\/3879"}],"collection":[{"href":"https:\/\/obispadosanfelipe.cl\/2020\/wp-json\/wp\/v2\/posts"}],"about":[{"href":"https:\/\/obispadosanfelipe.cl\/2020\/wp-json\/wp\/v2\/types\/post"}],"author":[{"embeddable":true,"href":"https:\/\/obispadosanfelipe.cl\/2020\/wp-json\/wp\/v2\/users\/1"}],"replies":[{"embeddable":true,"href":"https:\/\/obispadosanfelipe.cl\/2020\/wp-json\/wp\/v2\/comments?post=3879"}],"version-history":[{"count":0,"href":"https:\/\/obispadosanfelipe.cl\/2020\/wp-json\/wp\/v2\/posts\/3879\/revisions"}],"wp:featuredmedia":[{"embeddable":true,"href":"https:\/\/obispadosanfelipe.cl\/2020\/wp-json\/wp\/v2\/media\/102"}],"wp:attachment":[{"href":"https:\/\/obispadosanfelipe.cl\/2020\/wp-json\/wp\/v2\/media?parent=3879"}],"wp:term":[{"taxonomy":"category","embeddable":true,"href":"https:\/\/obispadosanfelipe.cl\/2020\/wp-json\/wp\/v2\/categories?post=3879"},{"taxonomy":"post_tag","embeddable":true,"href":"https:\/\/obispadosanfelipe.cl\/2020\/wp-json\/wp\/v2\/tags?post=3879"}],"curies":[{"name":"wp","href":"https:\/\/api.w.org\/{rel}","templated":true}]}}