{"id":3881,"date":"2020-10-22T21:54:54","date_gmt":"2020-10-22T21:54:54","guid":{"rendered":"https:\/\/obispadosanfelipe.cl\/2020\/?p=3881"},"modified":"2020-10-22T22:04:38","modified_gmt":"2020-10-22T22:04:38","slug":"pbro-luis-reynoso-rios-es-nombrado-parroco-de-la-parroquia-ntra-sra-del-carmen-de-placilla-de-ligua","status":"publish","type":"post","link":"https:\/\/obispadosanfelipe.cl\/2020\/pbro-luis-reynoso-rios-es-nombrado-parroco-de-la-parroquia-ntra-sra-del-carmen-de-placilla-de-ligua\/","title":{"rendered":"Pbro. Luis Reynoso R\u00edos es nombrado p\u00e1rroco de la parroquia Ntra. Sra. del Carmen de Placilla de Ligua"},"content":{"rendered":"<p>Con fecha 11 de octubre el obispo diocesano ha nombrado al Pbro. Luis REYNOSO R\u00edos p\u00e1rroco de la parroquia Ntra. Sra. del Carmen de Placilla de Ligua por seis a\u00f1os.<\/p>\n<p>Desde marzo del 2018 era Administrador parroquial de esa comunidad y preparaba su incardinaci\u00f3n al presbiterio de San Felipe en el per\u00edodo del Administrador Apost\u00f3lico, P. Jaime Ortiz de Lazcano, lo que se concret\u00f3 el 26 de abril del 2019.<\/p>\n<p>P. Gonzalo lo encomienda a la oraci\u00f3n de toda la di\u00f3cesis para que su ministerio sacerdotal siga siendo muy fecundo, a imagen de Jesucristo, Buen Pastor.<\/p>\n<p>&nbsp;<\/p>\n<p>Fuente: Canciller.<\/p>\n","protected":false},"excerpt":{"rendered":"<p>Con fecha 11 de octubre el obispo diocesano ha nombrado al Pbro. Luis REYNOSO R\u00edos p\u00e1rroco de la parroquia Ntra. Sra. del Carmen de Placilla de Ligua por seis a\u00f1os.&hellip;<\/p>\n","protected":false},"author":1,"featured_media":3884,"comment_status":"closed","ping_status":"open","sticky":false,"template":"","format":"standard","meta":[],"categories":[6,5,8],"tags":[],"_links":{"self":[{"href":"https:\/\/obispadosanfelipe.cl\/2020\/wp-json\/wp\/v2\/posts\/3881"}],"collection":[{"href":"https:\/\/obispadosanfelipe.cl\/2020\/wp-json\/wp\/v2\/posts"}],"about":[{"href":"https:\/\/obispadosanfelipe.cl\/2020\/wp-json\/wp\/v2\/types\/post"}],"author":[{"embeddable":true,"href":"https:\/\/obispadosanfelipe.cl\/2020\/wp-json\/wp\/v2\/users\/1"}],"replies":[{"embeddable":true,"href":"https:\/\/obispadosanfelipe.cl\/2020\/wp-json\/wp\/v2\/comments?post=3881"}],"version-history":[{"count":0,"href":"https:\/\/obispadosanfelipe.cl\/2020\/wp-json\/wp\/v2\/posts\/3881\/revisions"}],"wp:featuredmedia":[{"embeddable":true,"href":"https:\/\/obispadosanfelipe.cl\/2020\/wp-json\/wp\/v2\/media\/3884"}],"wp:attachment":[{"href":"https:\/\/obispadosanfelipe.cl\/2020\/wp-json\/wp\/v2\/media?parent=3881"}],"wp:term":[{"taxonomy":"category","embeddable":true,"href":"https:\/\/obispadosanfelipe.cl\/2020\/wp-json\/wp\/v2\/categories?post=3881"},{"taxonomy":"post_tag","embeddable":true,"href":"https:\/\/obispadosanfelipe.cl\/2020\/wp-json\/wp\/v2\/tags?post=3881"}],"curies":[{"name":"wp","href":"https:\/\/api.w.org\/{rel}","templated":true}]}}