{"id":3885,"date":"2020-10-23T20:41:43","date_gmt":"2020-10-23T20:41:43","guid":{"rendered":"https:\/\/obispadosanfelipe.cl\/2020\/?p=3885"},"modified":"2020-10-23T20:44:31","modified_gmt":"2020-10-23T20:44:31","slug":"dirigentes-vecinales-firman-carta-en-conjunto-con-el-obispo-de-san-felipe","status":"publish","type":"post","link":"https:\/\/obispadosanfelipe.cl\/2020\/dirigentes-vecinales-firman-carta-en-conjunto-con-el-obispo-de-san-felipe\/","title":{"rendered":"Dirigentes vecinales firman carta en conjunto con Obispo de San Felipe"},"content":{"rendered":"<p>Los dirigentes vecinales Claudia Contreras Y\u00e1\u00f1ez, presidenta de La Nacional, Mar\u00eda M\u00e9ndez presidenta de Villa Yevide, Mar\u00eda Ang\u00e9lica Vergara, presidenta de Santa Rosa, Armando Silva presidente de Sol del Inca, Aida Salas\u00a0 presidenta de Las Camelias, Ruth Delgado presidenta de la Uni\u00f3n Comunal de de Juntas de Vecinos de San Felipe y el Padre Gonzalo Bravo, obispo de San Felipe firmaron carta dirigida a las autoridades locales para solicitar trabajar de manera mancomunada en diferentes problem\u00e1ticas sociales y humanitarias generadas en el sector sur poniente de la ciudad.<\/p>\n<p>La toma generada en la comuna ha preocupado tanto a los vecinos dado que en este campamento hay muchas carencias de servicios de agua potable, electricidad normada, alcantarillado, retiro de basura, falta de grifos, adem\u00e1s altos niveles de inseguridad, contaminaci\u00f3n por malos olores, etc. Debido a estas problem\u00e1ticas se invita a las autoridades locales a trabajar en conjunto para buscar todos los caminos de soluci\u00f3n.<\/p>\n<p>En esta misiva los firmantes proponen desarrollar una mesa de trabajo para ser parte de la soluci\u00f3n de este problema humano, urbano y ciudadano para generar un plan de acci\u00f3n en la senda de la integraci\u00f3n y mejorar la calidad de vida para toda la comunidad sanfelipe\u00f1a.<\/p>\n\n\t\t\t<style type='text\/css'>\n\t\t\t\t#gallery-1 {\n\t\t\t\t\tmargin: auto;\n\t\t\t\t}\n\t\t\t\t#gallery-1 .gallery-item {\n\t\t\t\t\tfloat: left;\n\t\t\t\t\tmargin-top: 10px;\n\t\t\t\t\ttext-align: center;\n\t\t\t\t\twidth: 33%;\n\t\t\t\t}\n\t\t\t\t#gallery-1 img {\n\t\t\t\t\tborder: 2px solid #cfcfcf;\n\t\t\t\t}\n\t\t\t\t#gallery-1 .gallery-caption {\n\t\t\t\t\tmargin-left: 0;\n\t\t\t\t}\n\t\t\t\t\/* see gallery_shortcode() in wp-includes\/media.php *\/\n\t\t\t<\/style>\n\t\t<div id='gallery-1' class='dt-gallery-container gallery galleryid-3885 gallery-columns-3 gallery-size-thumbnail'><dl class='gallery-item'>\n\t\t\t\t<dt class='gallery-icon landscape'>\n\t\t\t\t\t<a class=\"rollover rollover-zoom dt-pswp-item\" title=\"51507486-8ec4-410b-a476-64921cca42cc\" data-dt-img-description=\"\" data-large_image_width=\"1280\" data-large_image_height=\"960\"href='https:\/\/obispadosanfelipe.cl\/2020\/wp-content\/uploads\/2020\/10\/51507486-8ec4-410b-a476-64921cca42cc.jpg'><img width=\"150\" height=\"150\" src=\"https:\/\/obispadosanfelipe.cl\/2020\/wp-content\/uploads\/2020\/10\/51507486-8ec4-410b-a476-64921cca42cc-150x150.jpg\" class=\"attachment-thumbnail size-thumbnail\" alt=\"\" loading=\"lazy\" \/><\/a>\n\t\t\t\t<\/dt><\/dl><dl class='gallery-item'>\n\t\t\t\t<dt class='gallery-icon landscape'>\n\t\t\t\t\t<a class=\"rollover rollover-zoom dt-pswp-item\" title=\"0774f88c-62af-4eaa-bd2e-67d25998d91e\" data-dt-img-description=\"\" data-large_image_width=\"1280\" data-large_image_height=\"960\"href='https:\/\/obispadosanfelipe.cl\/2020\/wp-content\/uploads\/2020\/10\/0774f88c-62af-4eaa-bd2e-67d25998d91e.jpg'><img width=\"150\" height=\"150\" src=\"https:\/\/obispadosanfelipe.cl\/2020\/wp-content\/uploads\/2020\/10\/0774f88c-62af-4eaa-bd2e-67d25998d91e-150x150.jpg\" class=\"attachment-thumbnail size-thumbnail\" alt=\"\" loading=\"lazy\" \/><\/a>\n\t\t\t\t<\/dt><\/dl><dl class='gallery-item'>\n\t\t\t\t<dt class='gallery-icon landscape'>\n\t\t\t\t\t<a class=\"rollover rollover-zoom dt-pswp-item\" title=\"40e49db6-13f6-4c02-9220-5d1f9eff587f\" data-dt-img-description=\"\" data-large_image_width=\"1280\" data-large_image_height=\"960\"href='https:\/\/obispadosanfelipe.cl\/2020\/wp-content\/uploads\/2020\/10\/40e49db6-13f6-4c02-9220-5d1f9eff587f.jpg'><img width=\"150\" height=\"150\" src=\"https:\/\/obispadosanfelipe.cl\/2020\/wp-content\/uploads\/2020\/10\/40e49db6-13f6-4c02-9220-5d1f9eff587f-150x150.jpg\" class=\"attachment-thumbnail size-thumbnail\" alt=\"\" loading=\"lazy\" \/><\/a>\n\t\t\t\t<\/dt><\/dl><br style=\"clear: both\" \/>\n\t\t\t<\/div>\n\n<p>&nbsp;<\/p>\n<p>Fuente: Oficina de comunicaciones<\/p>\n","protected":false},"excerpt":{"rendered":"<p>Los dirigentes vecinales Claudia Contreras Y\u00e1\u00f1ez, presidenta de La Nacional, Mar\u00eda M\u00e9ndez presidenta de Villa Yevide, Mar\u00eda Ang\u00e9lica Vergara, presidenta de Santa Rosa, Armando Silva presidente de Sol del Inca,&hellip;<\/p>\n","protected":false},"author":1,"featured_media":3886,"comment_status":"closed","ping_status":"open","sticky":false,"template":"","format":"standard","meta":[],"categories":[6,5,8],"tags":[],"_links":{"self":[{"href":"https:\/\/obispadosanfelipe.cl\/2020\/wp-json\/wp\/v2\/posts\/3885"}],"collection":[{"href":"https:\/\/obispadosanfelipe.cl\/2020\/wp-json\/wp\/v2\/posts"}],"about":[{"href":"https:\/\/obispadosanfelipe.cl\/2020\/wp-json\/wp\/v2\/types\/post"}],"author":[{"embeddable":true,"href":"https:\/\/obispadosanfelipe.cl\/2020\/wp-json\/wp\/v2\/users\/1"}],"replies":[{"embeddable":true,"href":"https:\/\/obispadosanfelipe.cl\/2020\/wp-json\/wp\/v2\/comments?post=3885"}],"version-history":[{"count":0,"href":"https:\/\/obispadosanfelipe.cl\/2020\/wp-json\/wp\/v2\/posts\/3885\/revisions"}],"wp:featuredmedia":[{"embeddable":true,"href":"https:\/\/obispadosanfelipe.cl\/2020\/wp-json\/wp\/v2\/media\/3886"}],"wp:attachment":[{"href":"https:\/\/obispadosanfelipe.cl\/2020\/wp-json\/wp\/v2\/media?parent=3885"}],"wp:term":[{"taxonomy":"category","embeddable":true,"href":"https:\/\/obispadosanfelipe.cl\/2020\/wp-json\/wp\/v2\/categories?post=3885"},{"taxonomy":"post_tag","embeddable":true,"href":"https:\/\/obispadosanfelipe.cl\/2020\/wp-json\/wp\/v2\/tags?post=3885"}],"curies":[{"name":"wp","href":"https:\/\/api.w.org\/{rel}","templated":true}]}}