{"id":3893,"date":"2020-10-24T01:06:14","date_gmt":"2020-10-24T01:06:14","guid":{"rendered":"https:\/\/obispadosanfelipe.cl\/2020\/?p=3893"},"modified":"2020-10-24T01:29:33","modified_gmt":"2020-10-24T01:29:33","slug":"a-los-80-anos-de-edad-fallece-el-padre-raul-inostroza-caro","status":"publish","type":"post","link":"https:\/\/obispadosanfelipe.cl\/2020\/a-los-80-anos-de-edad-fallece-el-padre-raul-inostroza-caro\/","title":{"rendered":"A los 80 a\u00f1os de edad fallece el Padre Ra\u00fal Inostroza Caro"},"content":{"rendered":"<p>El Padre Ra\u00fal falleci\u00f3 el d\u00eda de hoy en el Hospital Cl\u00ednico de la Pontificia Universidad Cat\u00f3lica en Santiago. Esta siendo velado en la Parroquia de Maipo y habr\u00e1 un responso en el cementerio de Maipo a las 16.00 hrs del d\u00eda s\u00e1bado. La familia agradece las muestras de cercan\u00eda y preocupaci\u00f3n de diferentes personas de la di\u00f3cesis de San Felipe.<\/p>\n<p>&nbsp;<\/p>\n<p><strong>Biograf<\/strong><strong>\u00ed<\/strong><strong>a del Pbro. Julio Ra<\/strong><strong>\u00fa<\/strong><strong>l Inostroza Caro<\/strong><\/p>\n<p>Naci\u00f3 el 03 de Diciembre de 1940. Profesor\u00a0b\u00e1sico en Historia y Geograf\u00eda, obtenido en la Escuela Normal, Pontificia Universidad\u00a0Cat\u00f3lica de Chile.\u00a0Fue ordenado sacerdote el 29 de Noviembre de 1981, por el entonces Arzobispo-obispo de San Felipe, Mons. Francisco de Borja Valenzuela R\u00edos.<\/p>\n<p>Su\u00a0formaci\u00f3n\u00a0como adulto fue diferente a la de un seminarista y por eso Mons. Valenzuela le encomend\u00f3 la administraci\u00f3n de la entonces Casa Betania, en Papudo, y tambi\u00e9n el economato del Seminario diocesano que se reabr\u00eda, despu\u00e9s de muchos a\u00f1os,\u00a0ubicado\u00a0en calle Cajales.<\/p>\n<p>Si enumeramos los servicios pastorales que el Padre Ra\u00fal tuvo en nuestra Di\u00f3cesis\u00a0debemos reconocer su exigencia y generosidad para trabajar, su amor y dedicaci\u00f3n a la liturgia expresada en diferentes fiestas durante el a\u00f1o lit\u00fargico. Tuvo la oportunidad de conocer diversas realidades pastorales. Fue vicario parroquial en distintas parroquias; as\u00ed, en la parroquia Sto. Domingo de La Ligua junto al padre \u00c1ngel Victorino Silva, en la parroquia<strong>\u00a0<\/strong>Nuestra Se\u00f1ora del Rosario de Andacollo, San Felipe. Despu\u00e9s fue nombrado Administrador Parroquial en Panquehue y, posteriormente, fue su p\u00e1rroco.\u00a0Fue Administrador Parroquial de la parroquia Esp\u00edritu Santo, ubicada en la zona industrial de San Felipe. Asimismo, fue P\u00e1rroco en la Iglesia Catedral y en Andacollo,\u00a0ambas en\u00a0San Felipe.<\/p>\n<p>Un sacerdote siempre disponible para el servicio, asumi\u00f3 tambi\u00e9n encargos diocesanos con gran competencia. De hecho, perteneci\u00f3 al Consejo de Presbiterio, en varios per\u00edodos.\u00a0Particip\u00f3 como Juez Delegado en el proceso informativo sobre una presunta sanaci\u00f3n milagrosa atribu\u00eddo al Siervo de Dios, Nicolaus D`Onofrio y, posteriormente tambi\u00e9n ejerci\u00f3 como Promotor de Justicia en la constituci\u00f3n del Tribunal para investigar presunto milagro.<\/p>\n<p>Luego, desde el a\u00f1o 1997\u00a0al a\u00f1o 2003 fue Vice-Canciller del Obispado de Felipe.<\/p>\n<p>El\u00a0a\u00f1o 2011\u00a0el Padre Ra\u00fal fue denunciado por actos impropios de su condici\u00f3n sacerdotal. Eso signific\u00f3 una\u00a0pena can\u00f3nica de suspensi\u00f3n del ejercicio p\u00fablico y pastoral del ministerio sacerdotal, durante 3 a\u00f1os, luego de reconocer su culpabilidad. Dicha sanci\u00f3n\u00a0la vivi\u00f3 en su familia, en la zona de Maipo, donde ten\u00eda sus or\u00edgenes. Sus desvelos por su grupo familiar los entreg\u00f3 con gran responsabilidad.<\/p>\n<p>Agradecidos de su ministerio pedimos a la\u00a0Sant\u00edsima Virgen Mar\u00eda, a quien tanto\u00a0am\u00f3 el P. Ra\u00fal, interceda por \u00e9l y que Jes\u00fas Buen Pastor, que tiene entra\u00f1as de misericordia, lo\u00a0perdone y lo acoja en su Reino.<\/p>\n","protected":false},"excerpt":{"rendered":"<p>El Padre Ra\u00fal falleci\u00f3 el d\u00eda de hoy en el Hospital Cl\u00ednico de la Pontificia Universidad Cat\u00f3lica en Santiago. Esta siendo velado en la Parroquia de Maipo y habr\u00e1 un&hellip;<\/p>\n","protected":false},"author":1,"featured_media":3894,"comment_status":"closed","ping_status":"open","sticky":false,"template":"","format":"standard","meta":[],"categories":[6,5],"tags":[],"_links":{"self":[{"href":"https:\/\/obispadosanfelipe.cl\/2020\/wp-json\/wp\/v2\/posts\/3893"}],"collection":[{"href":"https:\/\/obispadosanfelipe.cl\/2020\/wp-json\/wp\/v2\/posts"}],"about":[{"href":"https:\/\/obispadosanfelipe.cl\/2020\/wp-json\/wp\/v2\/types\/post"}],"author":[{"embeddable":true,"href":"https:\/\/obispadosanfelipe.cl\/2020\/wp-json\/wp\/v2\/users\/1"}],"replies":[{"embeddable":true,"href":"https:\/\/obispadosanfelipe.cl\/2020\/wp-json\/wp\/v2\/comments?post=3893"}],"version-history":[{"count":0,"href":"https:\/\/obispadosanfelipe.cl\/2020\/wp-json\/wp\/v2\/posts\/3893\/revisions"}],"wp:featuredmedia":[{"embeddable":true,"href":"https:\/\/obispadosanfelipe.cl\/2020\/wp-json\/wp\/v2\/media\/3894"}],"wp:attachment":[{"href":"https:\/\/obispadosanfelipe.cl\/2020\/wp-json\/wp\/v2\/media?parent=3893"}],"wp:term":[{"taxonomy":"category","embeddable":true,"href":"https:\/\/obispadosanfelipe.cl\/2020\/wp-json\/wp\/v2\/categories?post=3893"},{"taxonomy":"post_tag","embeddable":true,"href":"https:\/\/obispadosanfelipe.cl\/2020\/wp-json\/wp\/v2\/tags?post=3893"}],"curies":[{"name":"wp","href":"https:\/\/api.w.org\/{rel}","templated":true}]}}