{"id":3896,"date":"2020-10-25T15:06:11","date_gmt":"2020-10-25T15:06:11","guid":{"rendered":"https:\/\/obispadosanfelipe.cl\/2020\/?p=3896"},"modified":"2020-10-25T15:06:11","modified_gmt":"2020-10-25T15:06:11","slug":"incendio-destruyo-capilla-san-lorenzo-de-cabildo","status":"publish","type":"post","link":"https:\/\/obispadosanfelipe.cl\/2020\/incendio-destruyo-capilla-san-lorenzo-de-cabildo\/","title":{"rendered":"Incendio destruy\u00f3 Capilla San Lorenzo de Cabildo"},"content":{"rendered":"<p><strong><em><img loading=\"lazy\" class=\" wp-image-3897 alignright\" src=\"https:\/\/obispadosanfelipe.cl\/2020\/wp-content\/uploads\/2020\/10\/122749007_10224667316451583_6923398058334997901_n-245x300.jpg\" alt=\"\" width=\"278\" height=\"340\" srcset=\"https:\/\/obispadosanfelipe.cl\/2020\/wp-content\/uploads\/2020\/10\/122749007_10224667316451583_6923398058334997901_n-245x300.jpg 245w, https:\/\/obispadosanfelipe.cl\/2020\/wp-content\/uploads\/2020\/10\/122749007_10224667316451583_6923398058334997901_n.jpg 720w\" sizes=\"(max-width: 278px) 100vw, 278px\" \/>El siniestro se desat\u00f3 cerca de las 3 de la madrugada y motivo el trabajo de Bomberos y fieles de la zona que dieron batalla para salvar el ic\u00f3nico templo.<\/em><\/strong><\/p>\n<p>Durante la madrugada de este domingo 25 de octubre, cerca de las 3 A.M., un incendio consumi\u00f3 por completo la Capilla San Lorenzo, en la comuna de Cabildo, situaci\u00f3n que requiri\u00f3 del trabajo de Bomberos de la zona que combatieron las llamas, apoyados por la comunidad local que se hizo presente en el lugar. Las razones del siniestro deben ser investigadas por las autoridades competentes para esclarecer el origen de las llamas.<\/p>\n<p>El siniestro es considerado una p\u00e9rdida invaluable para la comunidad cat\u00f3lica del sector de San Lorenzo, pues all\u00ed se mantienen y cultivan tradiciones populares que est\u00e1n arraigadas en la historia cultural y religiosa de esta comuna.<\/p>\n<p>Cabe recordar que en la Capilla siniestrada cada 10 de agosto se festeja a San Lorenzo Di\u00e1cono, Patrono de mineros y campesinos. As\u00ed el lugar se transforma en epicentro de la manifestaci\u00f3n de la fe de bailes religiosos que danzan para agradecer y alabar al Dios de la Vida. Junto a ellos las comunidades de la Parroquia de Cabildo profesan p\u00fablicamente su fe en Cristo y se re\u00fanen para hacer oraci\u00f3n por las necesidades de la zona de Petorca.<\/p>\n<p>Conocida la noticia, por el <strong>P. Gonzalo Bravo \u00c1lvarez, Obispo de San Felipe de Aconcagua<\/strong>, manifest\u00f3 su deseo de acompa\u00f1ar los laicos de San Lorenzo. As\u00ed es como el Prelado <strong>llegar\u00e1 a presidir una misa a las 19:00 horas en la explanada del Templo<\/strong> destruido.<\/p>\n<p>El Padre Obispo Gonzalo ha dicho que invita a las personas que puedan acudir a hacerlo con apego estricto a las normas sanitarias que rigen la regi\u00f3n y el pa\u00eds para evitar contagios de COVID-19. As\u00ed podr\u00e1n celebrar la fe, pedir por aquellos que se han visto golpeados por la noticia, que ha remecido a los cabildanos.<\/p>\n<p>La Iglesia de San Felipe llama a todas las comunidades a orar por la justicia, la paz y unidad de nuestras comunidades. El incendio que destruy\u00f3 el tempo cat\u00f3lico es una oportunidad para demostrar que las personas de San Lorenzo permanecen unida y viven el dolor de ver destruido un lugar que ha sido el coraz\u00f3n de muchos momentos familiares.<\/p>\n<p>La fe permite a la comunidad mantenerse unida y en oraci\u00f3n para lograr caminos de uni\u00f3n y fortaleza en estos momentos dif\u00edciles, sabemos que juntos podremos trabajar para lograr reconstruir esta capilla.\u00a0 Por ello, invitamos a todos a quienes deseen colabora y sumar voluntades que permitan materializar un nuevo templo para la celebraci\u00f3n la fe.<\/p>\n<p>En un d\u00eda marcado por la reflexi\u00f3n y el discernimiento ciudadano por el plebiscito, el obispo Bravo ha exhortado a todos a ser constructores de la paz \u201c<strong>sabiendo que el coraz\u00f3n de una constituci\u00f3n solo tendr\u00e1 impacto si es que renovamos nuestro coraz\u00f3n con nuevos valores<\/strong>\u201d (Homil\u00eda Te Deum, septiembre 2020).<\/p>\n<p>&nbsp;<\/p>\n<p>Fotograf\u00edas: Capilla San Lorenzo de Cabildo<\/p>\n<p>&nbsp;<\/p>\n<p>Texto: Oficina de Comunicaciones<\/p>\n","protected":false},"excerpt":{"rendered":"<p>El siniestro se desat\u00f3 cerca de las 3 de la madrugada y motivo el trabajo de Bomberos y fieles de la zona que dieron batalla para salvar el ic\u00f3nico templo.&hellip;<\/p>\n","protected":false},"author":1,"featured_media":3898,"comment_status":"closed","ping_status":"open","sticky":false,"template":"","format":"standard","meta":[],"categories":[6,5],"tags":[],"_links":{"self":[{"href":"https:\/\/obispadosanfelipe.cl\/2020\/wp-json\/wp\/v2\/posts\/3896"}],"collection":[{"href":"https:\/\/obispadosanfelipe.cl\/2020\/wp-json\/wp\/v2\/posts"}],"about":[{"href":"https:\/\/obispadosanfelipe.cl\/2020\/wp-json\/wp\/v2\/types\/post"}],"author":[{"embeddable":true,"href":"https:\/\/obispadosanfelipe.cl\/2020\/wp-json\/wp\/v2\/users\/1"}],"replies":[{"embeddable":true,"href":"https:\/\/obispadosanfelipe.cl\/2020\/wp-json\/wp\/v2\/comments?post=3896"}],"version-history":[{"count":0,"href":"https:\/\/obispadosanfelipe.cl\/2020\/wp-json\/wp\/v2\/posts\/3896\/revisions"}],"wp:featuredmedia":[{"embeddable":true,"href":"https:\/\/obispadosanfelipe.cl\/2020\/wp-json\/wp\/v2\/media\/3898"}],"wp:attachment":[{"href":"https:\/\/obispadosanfelipe.cl\/2020\/wp-json\/wp\/v2\/media?parent=3896"}],"wp:term":[{"taxonomy":"category","embeddable":true,"href":"https:\/\/obispadosanfelipe.cl\/2020\/wp-json\/wp\/v2\/categories?post=3896"},{"taxonomy":"post_tag","embeddable":true,"href":"https:\/\/obispadosanfelipe.cl\/2020\/wp-json\/wp\/v2\/tags?post=3896"}],"curies":[{"name":"wp","href":"https:\/\/api.w.org\/{rel}","templated":true}]}}