{"id":3919,"date":"2020-10-30T19:52:29","date_gmt":"2020-10-30T19:52:29","guid":{"rendered":"https:\/\/obispadosanfelipe.cl\/2020\/?p=3919"},"modified":"2020-10-31T01:58:31","modified_gmt":"2020-10-31T01:58:31","slug":"especial-mes-de-maria-2020-contigo-virgen-del-carmen-juntos-en-el-camino","status":"publish","type":"post","link":"https:\/\/obispadosanfelipe.cl\/2020\/especial-mes-de-maria-2020-contigo-virgen-del-carmen-juntos-en-el-camino\/","title":{"rendered":"Especial Mes de Mar\u00eda 2020: Contigo, Virgen del Carmen, juntos en el camino"},"content":{"rendered":"<p><em>Ya est\u00e1 disponible el especial web con el texto digital del Mes de Mar\u00eda 2020 para ser descargado y acompa\u00f1ar las celebraciones locales y familiares de este a\u00f1o. Adem\u00e1s, habr\u00e1 diversos espacios de di\u00e1logo, reflexi\u00f3n y testimonio que nos acompa\u00f1ar\u00e1n v\u00eda remota a trav\u00e9s de las redes sociales.<\/em><\/p>\n<p>&nbsp;<\/p>\n<p>La\u00a0Comisi\u00f3n Nacional de Santuarios y Piedad Popular de la Conferencia Episcopal de Chile, junto a la\u00a0Pastoral de la Pontificia Universidad Cat\u00f3lica de Chile, han elaborado este a\u00f1o el texto que tiene por lema\u00a0\u201cContigo, Virgen del Carmen, juntos en el camino\u201d.\u00a0Con este conocido estribillo, buscamos acercar a nuestras familias una celebraci\u00f3n cotidiana y querida, invitando a profundizar la experiencia del ser hijos e hijas de una misma madre.<\/p>\n<p>La publicaci\u00f3n que este a\u00f1o estar\u00e1 disponible solo en formato digital PDF\u00a0ofrece un esquema para el rezo diario del mes de Mar\u00eda (del 8 de noviembre al 8 de diciembre), en el que se propone un texto b\u00edblico semanal que busca inspirar las reflexiones diarias, acompa\u00f1ado de una meditaci\u00f3n del papa Francisco, tomadas de sus homil\u00edas, discursos u oraciones. A ello se suma una reflexi\u00f3n para asumir e integrar el texto en nuestras vidas, cerrando cada d\u00eda con una frase de la nueva enc\u00edclica Fratelli tutti, para meditar durante el d\u00eda.<\/p>\n<p>Considerando la situaci\u00f3n que vivimos por la pandemia, y sabiendo que no ser\u00e1 posible vivir este Mes de Mar\u00eda como acostumbr\u00e1bamos, se han preparado\u00a0<b><a href=\"http:\/\/www.iglesia.cl\/especiales\/mesmaria2020\/recursos.php\" target=\"_blank\" rel=\"noopener noreferrer\">recursos<\/a><\/b>\u00a0y propuestas que complementan las tradiciones del rezo diario, lo que consistir\u00e1 en espacios on line de reflexi\u00f3n, di\u00e1logo y testimonios, que buscan ayudar a iluminar nuestras vidas. Esta y m\u00e1s informaci\u00f3n podr\u00e1n encontrarla en el especial web del Mes de Mar\u00eda que se ha preparado para este a\u00f1o.<\/p>\n<p>&#8211; Link del Especial web:\u00a0<b><a href=\"http:\/\/www.iglesia.cl\/especiales\/mesmaria2020\" target=\"_blank\" rel=\"noopener noreferrer\">www.iglesia.cl\/especiales\/mesmaria2020<\/a><\/b><\/p>\n<p>&#8211; Texto digital Mes de Mar\u00eda 2020:\u00a0<b><a href=\"http:\/\/www.iglesia.cl\/especiales\/mesmaria2020\/docs\/MesdeMaria2020.pdf\" target=\"_blank\" rel=\"noopener noreferrer\">Descargar aqu\u00ed<br \/>\n<\/a><\/b><br \/>\n<b><a href=\"http:\/\/www.iglesia.cl\/especiales\/mesmaria2020\/docs\/Actividades_Mes_de_Maria.pdf\" target=\"_blank\" rel=\"noopener noreferrer\">&#8211; Revisa aqu\u00ed el detalle de las actividades del Mes de Mar\u00eda 2020<\/a><\/b><\/p>\n<p>Fuente: Comunicaciones CECh<br \/>\n<span class=\"texto_fecha\"><em>CECh, 30-10-2020<\/em><\/span><\/p>\n","protected":false},"excerpt":{"rendered":"<p>Ya est\u00e1 disponible el especial web con el texto digital del Mes de Mar\u00eda 2020 para ser descargado y acompa\u00f1ar las celebraciones locales y familiares de este a\u00f1o. Adem\u00e1s, habr\u00e1&hellip;<\/p>\n","protected":false},"author":1,"featured_media":3920,"comment_status":"closed","ping_status":"open","sticky":false,"template":"","format":"standard","meta":[],"categories":[6,5,3],"tags":[],"_links":{"self":[{"href":"https:\/\/obispadosanfelipe.cl\/2020\/wp-json\/wp\/v2\/posts\/3919"}],"collection":[{"href":"https:\/\/obispadosanfelipe.cl\/2020\/wp-json\/wp\/v2\/posts"}],"about":[{"href":"https:\/\/obispadosanfelipe.cl\/2020\/wp-json\/wp\/v2\/types\/post"}],"author":[{"embeddable":true,"href":"https:\/\/obispadosanfelipe.cl\/2020\/wp-json\/wp\/v2\/users\/1"}],"replies":[{"embeddable":true,"href":"https:\/\/obispadosanfelipe.cl\/2020\/wp-json\/wp\/v2\/comments?post=3919"}],"version-history":[{"count":0,"href":"https:\/\/obispadosanfelipe.cl\/2020\/wp-json\/wp\/v2\/posts\/3919\/revisions"}],"wp:featuredmedia":[{"embeddable":true,"href":"https:\/\/obispadosanfelipe.cl\/2020\/wp-json\/wp\/v2\/media\/3920"}],"wp:attachment":[{"href":"https:\/\/obispadosanfelipe.cl\/2020\/wp-json\/wp\/v2\/media?parent=3919"}],"wp:term":[{"taxonomy":"category","embeddable":true,"href":"https:\/\/obispadosanfelipe.cl\/2020\/wp-json\/wp\/v2\/categories?post=3919"},{"taxonomy":"post_tag","embeddable":true,"href":"https:\/\/obispadosanfelipe.cl\/2020\/wp-json\/wp\/v2\/tags?post=3919"}],"curies":[{"name":"wp","href":"https:\/\/api.w.org\/{rel}","templated":true}]}}