{"id":4316,"date":"2021-02-20T15:26:34","date_gmt":"2021-02-20T15:26:34","guid":{"rendered":"https:\/\/obispadosanfelipe.cl\/2020\/?p=4316"},"modified":"2021-03-22T12:44:25","modified_gmt":"2021-03-22T12:44:25","slug":"delegacion-para-los-agentes-evangelizadores-pone-a-disposicion-fiche-de-reflexion","status":"publish","type":"post","link":"https:\/\/obispadosanfelipe.cl\/2020\/delegacion-para-los-agentes-evangelizadores-pone-a-disposicion-fiche-de-reflexion\/","title":{"rendered":"Delegaci\u00f3n para los Agentes Evangelizadores pone a disposici\u00f3n ficha de reflexi\u00f3n"},"content":{"rendered":"<p>\u00ab<strong>La Cuaresma es un viaje de regreso a Dios<\/strong>\u00bb as\u00ed nos dice el Papa Francisco en este Mi\u00e9rcoles de Ceniza.<\/p>\n<p>Hermano en la fe te invitamos a aceptar este viaje a Dios.\u00a0Por ello, la Delegaci\u00f3n para los Agentes Evangelizadores pone a disposici\u00f3n un material de reflexi\u00f3n personal para este tiempo de Cuaresma.<\/p>\n<p>&nbsp;<\/p>\n<table style=\"border-collapse: collapse; width: 100%;\">\n<tbody>\n<tr>\n<td style=\"width: 25%;\">\n<p style=\"text-align: center;\"><span style=\"font-size: 36px;\"><strong>Ficha N\u00b01<\/strong><\/span><\/p>\n<p style=\"text-align: center;\"><a href=\"https:\/\/obispadosanfelipe.cl\/2020\/wp-content\/uploads\/2021\/02\/FICHA-1-Cuaresma-.pdf\" target=\"_blank\" rel=\"noopener noreferrer\">Descargar aqu\u00ed<\/a><\/p>\n<\/td>\n<td style=\"width: 25%;\">\n<p style=\"text-align: center;\"><span style=\"font-size: 36px;\"><strong>Ficha N\u00b02<\/strong><\/span><\/p>\n<p style=\"text-align: center;\"><a href=\"https:\/\/obispadosanfelipe.cl\/2020\/wp-content\/uploads\/2021\/02\/FICHA-2-Cuaresma-.pdf\">Descargar aqu\u00ed<\/a><\/p>\n<\/td>\n<td style=\"width: 25%; text-align: center;\"><span style=\"font-size: 36px;\"><strong>Ficha N\u00b03<\/strong><\/span><\/p>\n<p><a href=\"https:\/\/obispadosanfelipe.cl\/2020\/wp-content\/uploads\/2021\/03\/FICHA-3-Cuaresma-.pdf\">Descargar aqu\u00ed<\/a><\/td>\n<td style=\"width: 25%;\">\n<p style=\"text-align: center;\"><span style=\"font-size: 36px;\"><strong>Ficha N\u00b04<\/strong><\/span><\/p>\n<p style=\"text-align: center;\"><a href=\"https:\/\/obispadosanfelipe.cl\/2020\/wp-content\/uploads\/2021\/03\/FICHA-4-Cuaresma-1.pdf\" target=\"_blank\" rel=\"noopener noreferrer\">Descargar aqu\u00ed<\/a><\/p>\n<\/td>\n<\/tr>\n<tr>\n<td style=\"width: 25%;\">\n<p style=\"text-align: center;\"><span style=\"font-size: 36px;\"><strong>Ficha N\u00b05<\/strong><\/span><\/p>\n<p style=\"text-align: center;\"><a href=\"https:\/\/obispadosanfelipe.cl\/2020\/wp-content\/uploads\/2021\/03\/FICHA-5-Cuaresma-.pdf\" target=\"_blank\" rel=\"noopener\">Descargar aqu\u00ed<\/a><\/p>\n<\/td>\n<td style=\"width: 25%;\"><\/td>\n<td style=\"width: 25%;\"><\/td>\n<td style=\"width: 25%;\"><\/td>\n<\/tr>\n<\/tbody>\n<\/table>\n<p>&nbsp;<\/p>\n<p>&nbsp;<\/p>\n","protected":false},"excerpt":{"rendered":"<p>\u00abLa Cuaresma es un viaje de regreso a Dios\u00bb as\u00ed nos dice el Papa Francisco en este Mi\u00e9rcoles de Ceniza. Hermano en la fe te invitamos a aceptar este viaje&hellip;<\/p>\n","protected":false},"author":1,"featured_media":4317,"comment_status":"closed","ping_status":"open","sticky":false,"template":"","format":"standard","meta":[],"categories":[6,5,8],"tags":[],"_links":{"self":[{"href":"https:\/\/obispadosanfelipe.cl\/2020\/wp-json\/wp\/v2\/posts\/4316"}],"collection":[{"href":"https:\/\/obispadosanfelipe.cl\/2020\/wp-json\/wp\/v2\/posts"}],"about":[{"href":"https:\/\/obispadosanfelipe.cl\/2020\/wp-json\/wp\/v2\/types\/post"}],"author":[{"embeddable":true,"href":"https:\/\/obispadosanfelipe.cl\/2020\/wp-json\/wp\/v2\/users\/1"}],"replies":[{"embeddable":true,"href":"https:\/\/obispadosanfelipe.cl\/2020\/wp-json\/wp\/v2\/comments?post=4316"}],"version-history":[{"count":0,"href":"https:\/\/obispadosanfelipe.cl\/2020\/wp-json\/wp\/v2\/posts\/4316\/revisions"}],"wp:featuredmedia":[{"embeddable":true,"href":"https:\/\/obispadosanfelipe.cl\/2020\/wp-json\/wp\/v2\/media\/4317"}],"wp:attachment":[{"href":"https:\/\/obispadosanfelipe.cl\/2020\/wp-json\/wp\/v2\/media?parent=4316"}],"wp:term":[{"taxonomy":"category","embeddable":true,"href":"https:\/\/obispadosanfelipe.cl\/2020\/wp-json\/wp\/v2\/categories?post=4316"},{"taxonomy":"post_tag","embeddable":true,"href":"https:\/\/obispadosanfelipe.cl\/2020\/wp-json\/wp\/v2\/tags?post=4316"}],"curies":[{"name":"wp","href":"https:\/\/api.w.org\/{rel}","templated":true}]}}