{"id":4495,"date":"2021-03-10T15:07:14","date_gmt":"2021-03-10T15:07:14","guid":{"rendered":"https:\/\/obispadosanfelipe.cl\/2020\/?p=4495"},"modified":"2021-03-19T15:10:48","modified_gmt":"2021-03-19T15:10:48","slug":"comision-de-catequesis-realizo-tutoriales-para-usar-plataformas-zoom-y-meet","status":"publish","type":"post","link":"https:\/\/obispadosanfelipe.cl\/2020\/comision-de-catequesis-realizo-tutoriales-para-usar-plataformas-zoom-y-meet\/","title":{"rendered":"Comisi\u00f3n de Catequesis realiz\u00f3 tutoriales para usar plataformas Zoom y Meet."},"content":{"rendered":"<div class=\"kvgmc6g5 cxmmr5t8 oygrvhab hcukyx3x c1et5uql ii04i59q\">\n<div dir=\"auto\"><span class=\"pq6dq46d tbxw36s4 knj5qynh kvgmc6g5 ditlmg2l oygrvhab nvdbi5me sf5mxxl7 gl3lb2sf hhz5lgdu\"><img loading=\"lazy\" src=\"https:\/\/static.xx.fbcdn.net\/images\/emoji.php\/v9\/t69\/1.5\/16\/270d.png\" alt=\"\u270d\" width=\"16\" height=\"16\" \/><\/span>La Comisi\u00f3n de Catequesis, parte de la Delegaci\u00f3n para Agentes Evangelizadores, comparte con ustedes 2 tutoriales para usar plataformas virtuales como Zoom y Meet.<\/div>\n<div dir=\"auto\"><\/div>\n<\/div>\n<div class=\"o9v6fnle cxmmr5t8 oygrvhab hcukyx3x c1et5uql ii04i59q\">\n<div dir=\"auto\">Esperamos que este a\u00f1o en cada comunidad parroquial la Catequesis siga realizando su hermosa labor evangelizadora. Por ello, como Comisi\u00f3n queremos acompa\u00f1arlos y animarlos.<\/div>\n<\/div>\n<div dir=\"auto\"><\/div>\n<div class=\"o9v6fnle cxmmr5t8 oygrvhab hcukyx3x c1et5uql ii04i59q\">\n<div dir=\"auto\"><a class=\"oajrlxb2 g5ia77u1 qu0x051f esr5mh6w e9989ue4 r7d6kgcz rq0escxv nhd2j8a9 nc684nl6 p7hjln8o kvgmc6g5 cxmmr5t8 oygrvhab hcukyx3x jb3vyjys rz4wbd8a qt6c0cv9 a8nywdso i1ao9s8h esuyzwwr f1sip0of lzcic4wl py34i1dx gpro0wi8\" tabindex=\"0\" role=\"link\" href=\"https:\/\/l.facebook.com\/l.php?u=https%3A%2F%2Fyoutu.be%2F-GIw835O4gs%3Ffbclid%3DIwAR3Xz0jPaMa0WQpsbSCQDH9JLAWdnrqcD75ISKrSN1POgUZ8PwoRzLOWsEA&amp;h=AT246KQazxmEWzrL4gFVRGiWNxghxOTl7OEKynArMzD-WkPzhcYnV4XThNCUC3LZNd_KPzIATJtQYI9CN9h72PEULEYro12fSOj7jsteB1aekrm7cmBe4KIx7NHZ1JIvCkU_&amp;__tn__=-UK-R&amp;c[0]=AT2b_8IECLd_Omr_gYF3qVZry5uWuqmzZYKg1DRATmgowfTfAz74zqMQDLm5m9GvL69tLwkUSmekLJuJt_jOQ1M9GL5dprbLEmkFO03m9sBoCmoG2YsZwNmsXoV8jYxqHlDHHZyyWY3ybIPhaIl_toEWxs0XM_1OuPAJG7APZIRlLIZ6SS_gH8CPCkcy-lVRKc0lSwNh\" target=\"_blank\" rel=\"nofollow noopener\">https:\/\/youtu.be\/-GIw835O4gs<\/a><\/div>\n<div dir=\"auto\"><\/div>\n<\/div>\n<div class=\"o9v6fnle cxmmr5t8 oygrvhab hcukyx3x c1et5uql ii04i59q\">\n<div dir=\"auto\"><a class=\"oajrlxb2 g5ia77u1 qu0x051f esr5mh6w e9989ue4 r7d6kgcz rq0escxv nhd2j8a9 nc684nl6 p7hjln8o kvgmc6g5 cxmmr5t8 oygrvhab hcukyx3x jb3vyjys rz4wbd8a qt6c0cv9 a8nywdso i1ao9s8h esuyzwwr f1sip0of lzcic4wl py34i1dx gpro0wi8\" tabindex=\"0\" role=\"link\" href=\"https:\/\/l.facebook.com\/l.php?u=https%3A%2F%2Fyoutu.be%2Fjp0zTPEXBps%3Ffbclid%3DIwAR2UdBByHxbEFAbyjtfa352iYrCeKxPGGK-0TlSKVsl2sVOiY7v4a29u6XY&amp;h=AT2H2Hnc4z8F4iY16XRdvxQXASU_MkyUiwd6v6MLW_FU9I8r0X729fzanuVTagKhmh74k7FkjHdsZ5BpEGT9RQqPYyJ0ioEUYWhhkiqqmOLLU1ZEm8-ED939H7AsynYF6bOE&amp;__tn__=-UK-R&amp;c[0]=AT2b_8IECLd_Omr_gYF3qVZry5uWuqmzZYKg1DRATmgowfTfAz74zqMQDLm5m9GvL69tLwkUSmekLJuJt_jOQ1M9GL5dprbLEmkFO03m9sBoCmoG2YsZwNmsXoV8jYxqHlDHHZyyWY3ybIPhaIl_toEWxs0XM_1OuPAJG7APZIRlLIZ6SS_gH8CPCkcy-lVRKc0lSwNh\" target=\"_blank\" rel=\"nofollow noopener\">https:\/\/youtu.be\/jp0zTPEXBps<\/a><\/div>\n<\/div>\n<div dir=\"auto\"><\/div>\n<div class=\"o9v6fnle cxmmr5t8 oygrvhab hcukyx3x c1et5uql ii04i59q\">\n<div dir=\"auto\"><\/div>\n<\/div>\n","protected":false},"excerpt":{"rendered":"<p>La Comisi\u00f3n de Catequesis, parte de la Delegaci\u00f3n para Agentes Evangelizadores, comparte con ustedes 2 tutoriales para usar plataformas virtuales como Zoom y Meet. Esperamos que este a\u00f1o en cada&hellip;<\/p>\n","protected":false},"author":1,"featured_media":4496,"comment_status":"closed","ping_status":"open","sticky":false,"template":"","format":"standard","meta":[],"categories":[6,5,3,4],"tags":[],"_links":{"self":[{"href":"https:\/\/obispadosanfelipe.cl\/2020\/wp-json\/wp\/v2\/posts\/4495"}],"collection":[{"href":"https:\/\/obispadosanfelipe.cl\/2020\/wp-json\/wp\/v2\/posts"}],"about":[{"href":"https:\/\/obispadosanfelipe.cl\/2020\/wp-json\/wp\/v2\/types\/post"}],"author":[{"embeddable":true,"href":"https:\/\/obispadosanfelipe.cl\/2020\/wp-json\/wp\/v2\/users\/1"}],"replies":[{"embeddable":true,"href":"https:\/\/obispadosanfelipe.cl\/2020\/wp-json\/wp\/v2\/comments?post=4495"}],"version-history":[{"count":0,"href":"https:\/\/obispadosanfelipe.cl\/2020\/wp-json\/wp\/v2\/posts\/4495\/revisions"}],"wp:featuredmedia":[{"embeddable":true,"href":"https:\/\/obispadosanfelipe.cl\/2020\/wp-json\/wp\/v2\/media\/4496"}],"wp:attachment":[{"href":"https:\/\/obispadosanfelipe.cl\/2020\/wp-json\/wp\/v2\/media?parent=4495"}],"wp:term":[{"taxonomy":"category","embeddable":true,"href":"https:\/\/obispadosanfelipe.cl\/2020\/wp-json\/wp\/v2\/categories?post=4495"},{"taxonomy":"post_tag","embeddable":true,"href":"https:\/\/obispadosanfelipe.cl\/2020\/wp-json\/wp\/v2\/tags?post=4495"}],"curies":[{"name":"wp","href":"https:\/\/api.w.org\/{rel}","templated":true}]}}