{"id":5140,"date":"2021-05-31T12:15:59","date_gmt":"2021-05-31T12:15:59","guid":{"rendered":"https:\/\/obispadosanfelipe.cl\/2020\/?p=5140"},"modified":"2021-05-31T20:40:47","modified_gmt":"2021-05-31T20:40:47","slug":"caritas-chile-lanza-nueva-campana-humanitaria-por-covid-19-juntos-frente-a-la-emergencia-2","status":"publish","type":"post","link":"https:\/\/obispadosanfelipe.cl\/2020\/caritas-chile-lanza-nueva-campana-humanitaria-por-covid-19-juntos-frente-a-la-emergencia-2\/","title":{"rendered":"Caritas Chile lanza nueva campa\u00f1a humanitaria por COVID-19: \u201cJuntos frente a la emergencia\u201d"},"content":{"rendered":"<p><strong>Debido a la cr\u00edtica situaci\u00f3n social y sanitaria que persiste en el pa\u00eds producto de la pandemia por COVID-19, Caritas Chile inicia nueva Campa\u00f1a Nacional de Ayuda Humanitaria que busca seguir con el apoyo entregado a los grupos m\u00e1s necesitados y golpeados por lo efectos de esta crisis.<\/strong><\/p>\n<p>Durante el 2020, se promovi\u00f3 una primera campa\u00f1a humanitaria cuyos frutos permitieron apoyar con alimentaci\u00f3n y art\u00edculos de prevenci\u00f3n, higiene y saneamiento a personas en situaciones de extrema vulnerabilidad por los efectos de la Pandemia a lo largo de todo Chile. De esta manera se pudo entregar m\u00e1s de 3.500 kits de higiene y prevenci\u00f3n del contagio de COVID-19, sobre 61 mil kits de alimentos y 1 mill\u00f3n 200 mil almuerzos mensuales, apoyando adem\u00e1s, el funcionamiento de 976 comedores y ollas comunes a lo largo del pa\u00eds.<\/p>\n<p>Hoy, el escenario sigue siendo de mucha dificultad ante una emergencia sanitaria que no cede y condiciones sociales y econ\u00f3micas a\u00fan peores, lo que nos motiva a seguir promoviendo la solidaridad y trabajando con m\u00e1s fuerza para ir en ayuda de quienes est\u00e1n sufriendo, experimentando hambre y otras necesidades vitales, as\u00ed como dificultades para prevenir el contagio del coronavirus.<\/p>\n<p>Por ello, Caritas Chile lanza una nueva Campa\u00f1a Nacional llamando a todos y todas a que sigamos multiplicando solidaridad, para trabajar<strong>\u00a0\u00abJuntos frente a la Emergencia\u201d<\/strong>, poniendo a disposici\u00f3n la cuenta corriente del Banco de Chile 117-01 para recibir aportes en dinero y poder as\u00ed, continuar nuestro trabajo junto a las comunidades m\u00e1s vulnerables, aportando a la alimentaci\u00f3n, prevenci\u00f3n de los contagios, fortalecimiento comunitario y salud mental.<\/p>\n<p><strong>Aportes monetarios<\/strong><br \/>\nHacemos un llamado p\u00fablico a colaborar a trav\u00e9s de aportes en dinero en:<\/p>\n<p><strong>Cuenta Corriente 117-01 del Banco de Chile<\/strong><br \/>\nNombre: Caritas Chile<br \/>\nRUT: 70.020.800-1<br \/>\nE-mail: comunicaciones@caritaschile.org<\/p>\n<p>Invitamos a seguir las noticias relacionadas con esta campa\u00f1a en las cuentas: Twitter @caritaschile p\u00e1ginas de Facebook, Instagram y en el sitio web\u00a0<a href=\"http:\/\/www.caritaschile.org\/\">www.caritaschile.org<\/a><\/p>\n<p>Contacto para m\u00e1s informaci\u00f3n sobre la campa\u00f1a o para visibilizar algunas de las iniciativas solidarias en desarrollo:<br \/>\nIngrid Saavedra, Periodista Caritas Chile<br \/>\nE-mail isaavedra@caritaschile.org<br \/>\nCelular: M\u00f3vil +569 75389745<br \/>\n<a href=\"http:\/\/www.caritaschile.org\/\">www.caritaschile.org<\/a><\/p>\n","protected":false},"excerpt":{"rendered":"<p>Debido a la cr\u00edtica situaci\u00f3n social y sanitaria que persiste en el pa\u00eds producto de la pandemia por COVID-19, Caritas Chile inicia nueva Campa\u00f1a Nacional de Ayuda Humanitaria que busca&hellip;<\/p>\n","protected":false},"author":1,"featured_media":5141,"comment_status":"closed","ping_status":"open","sticky":false,"template":"","format":"standard","meta":[],"categories":[52,5,3,8],"tags":[],"_links":{"self":[{"href":"https:\/\/obispadosanfelipe.cl\/2020\/wp-json\/wp\/v2\/posts\/5140"}],"collection":[{"href":"https:\/\/obispadosanfelipe.cl\/2020\/wp-json\/wp\/v2\/posts"}],"about":[{"href":"https:\/\/obispadosanfelipe.cl\/2020\/wp-json\/wp\/v2\/types\/post"}],"author":[{"embeddable":true,"href":"https:\/\/obispadosanfelipe.cl\/2020\/wp-json\/wp\/v2\/users\/1"}],"replies":[{"embeddable":true,"href":"https:\/\/obispadosanfelipe.cl\/2020\/wp-json\/wp\/v2\/comments?post=5140"}],"version-history":[{"count":1,"href":"https:\/\/obispadosanfelipe.cl\/2020\/wp-json\/wp\/v2\/posts\/5140\/revisions"}],"predecessor-version":[{"id":5142,"href":"https:\/\/obispadosanfelipe.cl\/2020\/wp-json\/wp\/v2\/posts\/5140\/revisions\/5142"}],"wp:featuredmedia":[{"embeddable":true,"href":"https:\/\/obispadosanfelipe.cl\/2020\/wp-json\/wp\/v2\/media\/5141"}],"wp:attachment":[{"href":"https:\/\/obispadosanfelipe.cl\/2020\/wp-json\/wp\/v2\/media?parent=5140"}],"wp:term":[{"taxonomy":"category","embeddable":true,"href":"https:\/\/obispadosanfelipe.cl\/2020\/wp-json\/wp\/v2\/categories?post=5140"},{"taxonomy":"post_tag","embeddable":true,"href":"https:\/\/obispadosanfelipe.cl\/2020\/wp-json\/wp\/v2\/tags?post=5140"}],"curies":[{"name":"wp","href":"https:\/\/api.w.org\/{rel}","templated":true}]}}