{"id":5143,"date":"2021-05-31T20:38:05","date_gmt":"2021-05-31T20:38:05","guid":{"rendered":"https:\/\/obispadosanfelipe.cl\/2020\/?p=5143"},"modified":"2021-05-31T20:39:00","modified_gmt":"2021-05-31T20:39:00","slug":"primera-capacitacion-para-animadores-diocesanos-de-la-asamblea-eclesial","status":"publish","type":"post","link":"https:\/\/obispadosanfelipe.cl\/2020\/primera-capacitacion-para-animadores-diocesanos-de-la-asamblea-eclesial\/","title":{"rendered":"Primera Capacitaci\u00f3n para animadores diocesanos de la Asamblea Eclesial"},"content":{"rendered":"<p>Primera Capacitaci\u00f3n para animadores diocesanos de la Asamblea Eclesial latinoamericana, est\u00e1 dirigida principalmente a aquellas personas que deseen ser animadores en una comunidad.<\/p>\n<p>Esta asamblea busca marcar un hito en el caminar de los disc\u00edpulos misioneros del continente, por lo cual se convoca a laicos y laicas, religiosas y religiosos, di\u00e1conos, sacerdotes, obispos y toda persona de buena voluntad a formar parte de acontecimiento eclesial; que se ha colocado bajo la protecci\u00f3n de Santa Mar\u00eda de Guadalupe, Patrona de Am\u00e9rica Latina y el Caribe, en preparaci\u00f3n a la celebraci\u00f3n de los 500 a\u00f1os del Acontecimiento Guadalupano y los 2000 a\u00f1os de nuestra Redenci\u00f3n (2031+2033).<\/p>\n<p>Desde ya los animamos a participar de esta instancia, porque creemos que no solo es una reflexi\u00f3n que aportar\u00e1 a nivel latinoamericano, sino que aportar\u00e1 al discernimiento de cada una de las Delegaciones y la vida diocesana.<\/p>\n<p>Link de acceso Mi\u00e9rcoles 2 de Junio:<\/p>\n<p>Unirse a la reuni\u00f3n Zoom<br \/>\nhttps:\/\/us02web.zoom.us\/j\/82944232860?pwd=d0pyV3Q2blhKS1gyQzJSQlU0cEQzUT09<br \/>\nID de reuni\u00f3n: 829 4423 2860<br \/>\nC\u00f3digo de acceso: 1234<\/p>\n","protected":false},"excerpt":{"rendered":"<p>Primera Capacitaci\u00f3n para animadores diocesanos de la Asamblea Eclesial latinoamericana, est\u00e1 dirigida principalmente a aquellas personas que deseen ser animadores en una comunidad. Esta asamblea busca marcar un hito en&hellip;<\/p>\n","protected":false},"author":1,"featured_media":5144,"comment_status":"closed","ping_status":"open","sticky":false,"template":"","format":"standard","meta":[],"categories":[6,5,8],"tags":[],"_links":{"self":[{"href":"https:\/\/obispadosanfelipe.cl\/2020\/wp-json\/wp\/v2\/posts\/5143"}],"collection":[{"href":"https:\/\/obispadosanfelipe.cl\/2020\/wp-json\/wp\/v2\/posts"}],"about":[{"href":"https:\/\/obispadosanfelipe.cl\/2020\/wp-json\/wp\/v2\/types\/post"}],"author":[{"embeddable":true,"href":"https:\/\/obispadosanfelipe.cl\/2020\/wp-json\/wp\/v2\/users\/1"}],"replies":[{"embeddable":true,"href":"https:\/\/obispadosanfelipe.cl\/2020\/wp-json\/wp\/v2\/comments?post=5143"}],"version-history":[{"count":1,"href":"https:\/\/obispadosanfelipe.cl\/2020\/wp-json\/wp\/v2\/posts\/5143\/revisions"}],"predecessor-version":[{"id":5145,"href":"https:\/\/obispadosanfelipe.cl\/2020\/wp-json\/wp\/v2\/posts\/5143\/revisions\/5145"}],"wp:featuredmedia":[{"embeddable":true,"href":"https:\/\/obispadosanfelipe.cl\/2020\/wp-json\/wp\/v2\/media\/5144"}],"wp:attachment":[{"href":"https:\/\/obispadosanfelipe.cl\/2020\/wp-json\/wp\/v2\/media?parent=5143"}],"wp:term":[{"taxonomy":"category","embeddable":true,"href":"https:\/\/obispadosanfelipe.cl\/2020\/wp-json\/wp\/v2\/categories?post=5143"},{"taxonomy":"post_tag","embeddable":true,"href":"https:\/\/obispadosanfelipe.cl\/2020\/wp-json\/wp\/v2\/tags?post=5143"}],"curies":[{"name":"wp","href":"https:\/\/api.w.org\/{rel}","templated":true}]}}