{"id":5146,"date":"2021-05-31T10:48:21","date_gmt":"2021-05-31T10:48:21","guid":{"rendered":"https:\/\/obispadosanfelipe.cl\/2020\/?p=5146"},"modified":"2021-06-01T01:57:32","modified_gmt":"2021-06-01T01:57:32","slug":"catequistas-de-san-felipe-celebran-durante-dos-semanas","status":"publish","type":"post","link":"https:\/\/obispadosanfelipe.cl\/2020\/catequistas-de-san-felipe-celebran-durante-dos-semanas\/","title":{"rendered":"Catequistas de San Felipe celebran durante dos semanas"},"content":{"rendered":"<p><span style=\"font-weight: 400;\">Bajo el lema \u201cCatequistas somos todos\u201d, la Iglesia de San Felipe celebr\u00f3 durante dos semanas con desaf\u00edos, como una forma de reconocer el trabajo de centenares de hermanas y hermanos que se han dedicado a misi\u00f3n de evangelizar.<\/span><\/p>\n<p><span style=\"font-weight: 400;\">Durante todo este tiempo se realizaron diferentes actividades, con desaf\u00edos y juegos para motivar la participaci\u00f3n de los catequistas, los cuales fueron publicados en las redes sociales de la Di\u00f3cesis de San Felipe, con fotograf\u00edas y videos, con el el objetivo de agradecer la labor que cientos de hombres y mujeres desarrollan en las parroquias evangelizando en las comunidades parroquiales, adem\u00e1s entregando su testimonio de compromiso y fe.\u00a0<\/span><\/p>\n<p><span style=\"font-weight: 400;\">Para finalizar se realiz\u00f3 el pasado s\u00e1bado un encuentro v\u00eda zoom, en el que participaron catequistas de todas las comunidades\u00a0 jornada que permiti\u00f3 compartir con alegr\u00eda y fe, que fue organizada por la Delegaci\u00f3n Episcopal de Agentes Evangelizadores.\u00a0<\/span><\/p>\n<p><span style=\"font-weight: 400;\">El D\u00eda del Catequista fue instituido por los Obispos de Chile en 1990 y se celebra cada a\u00f1o en las v\u00edsperas de la Ascensi\u00f3n del Se\u00f1or, quien dirige sus \u00faltimas palabras a los Ap\u00f3stoles envi\u00e1ndoles a ense\u00f1ar y a bautizar en su nombre.<\/span><\/p>\n<p>&nbsp;<\/p>\n<p>Fuente: Comunicaciones<\/p>\n<p>&nbsp;<\/p>\n","protected":false},"excerpt":{"rendered":"<p>Bajo el lema \u201cCatequistas somos todos\u201d, la Iglesia de San Felipe celebr\u00f3 durante dos semanas con desaf\u00edos, como una forma de reconocer el trabajo de centenares de hermanas y hermanos&hellip;<\/p>\n","protected":false},"author":1,"featured_media":5147,"comment_status":"closed","ping_status":"open","sticky":false,"template":"","format":"standard","meta":[],"categories":[52,5,8,4],"tags":[],"_links":{"self":[{"href":"https:\/\/obispadosanfelipe.cl\/2020\/wp-json\/wp\/v2\/posts\/5146"}],"collection":[{"href":"https:\/\/obispadosanfelipe.cl\/2020\/wp-json\/wp\/v2\/posts"}],"about":[{"href":"https:\/\/obispadosanfelipe.cl\/2020\/wp-json\/wp\/v2\/types\/post"}],"author":[{"embeddable":true,"href":"https:\/\/obispadosanfelipe.cl\/2020\/wp-json\/wp\/v2\/users\/1"}],"replies":[{"embeddable":true,"href":"https:\/\/obispadosanfelipe.cl\/2020\/wp-json\/wp\/v2\/comments?post=5146"}],"version-history":[{"count":3,"href":"https:\/\/obispadosanfelipe.cl\/2020\/wp-json\/wp\/v2\/posts\/5146\/revisions"}],"predecessor-version":[{"id":5150,"href":"https:\/\/obispadosanfelipe.cl\/2020\/wp-json\/wp\/v2\/posts\/5146\/revisions\/5150"}],"wp:featuredmedia":[{"embeddable":true,"href":"https:\/\/obispadosanfelipe.cl\/2020\/wp-json\/wp\/v2\/media\/5147"}],"wp:attachment":[{"href":"https:\/\/obispadosanfelipe.cl\/2020\/wp-json\/wp\/v2\/media?parent=5146"}],"wp:term":[{"taxonomy":"category","embeddable":true,"href":"https:\/\/obispadosanfelipe.cl\/2020\/wp-json\/wp\/v2\/categories?post=5146"},{"taxonomy":"post_tag","embeddable":true,"href":"https:\/\/obispadosanfelipe.cl\/2020\/wp-json\/wp\/v2\/tags?post=5146"}],"curies":[{"name":"wp","href":"https:\/\/api.w.org\/{rel}","templated":true}]}}