{"id":5296,"date":"2021-06-08T13:50:34","date_gmt":"2021-06-08T13:50:34","guid":{"rendered":"https:\/\/obispadosanfelipe.cl\/2020\/?p=5296"},"modified":"2021-06-08T20:33:58","modified_gmt":"2021-06-08T20:33:58","slug":"radio-encuentro-presentara-un-ciclo-de-entrevistas-a-personas-de-aconcagua-miembros-del-movimiento-de-schoensttat","status":"publish","type":"post","link":"https:\/\/obispadosanfelipe.cl\/2020\/radio-encuentro-presentara-un-ciclo-de-entrevistas-a-personas-de-aconcagua-miembros-del-movimiento-de-schoensttat\/","title":{"rendered":"Radio Encuentro presentar\u00e1 un ciclo de entrevistas a personas de Aconcagua, miembros del Movimiento de Schoensttat"},"content":{"rendered":"<p>El espacio radial, en el que se compartir\u00e1n encuentros de di\u00e1logo y fe en tiempos de pandemia, comenzar\u00e1 este mi\u00e9rcoles 09 de junio.<\/p>\n<p>El objetivo de este ciclo es motivar la esperanza en tiempos de incertidumbre, en que el sentido de comunidad y la experiencia de la misma, pueden ser una tabla de salvaci\u00f3n. Adem\u00e1s, compartir\u00e1n testimonios de vida y se contar\u00e1 c\u00f3mo est\u00e1n viviendo su misi\u00f3n en este tiempo.<\/p>\n<p>El Movimiento Apost\u00f3lico de Schoenstatt es un movimiento cat\u00f3lico mariano fundado en Alemania en 1914 por el Padre Jos\u00e9 Kentenich, quien vio en el movimiento un medio para la renovaci\u00f3n espiritual de la Iglesia Cat\u00f3lica. El movimiento se llama Schoenstatt, que significa \u00ablugar hermoso\u00bb, por haberse fundado en un pueblito del mismo nombre, en la peque\u00f1a ciudad de Vallendar, en Alemania.<\/p>\n<p>El espacio de conversaci\u00f3n ser\u00e1 transmitido los mi\u00e9rcoles a las 11 de la ma\u00f1ana, por la se\u00f1al tradicional de la radio, 105.7 F.M. y, adem\u00e1s, por su Canal de Youtube (Radio Encuentro 105.7) y facebook live (Radio Encuentro San Felipe).<\/p>\n<p>&nbsp;<\/p>\n<p>Fuente: Radio Encuentro FM<\/p>\n","protected":false},"excerpt":{"rendered":"<p>El espacio radial, en el que se compartir\u00e1n encuentros de di\u00e1logo y fe en tiempos de pandemia, comenzar\u00e1 este mi\u00e9rcoles 09 de junio. El objetivo de este ciclo es motivar&hellip;<\/p>\n","protected":false},"author":1,"featured_media":5297,"comment_status":"closed","ping_status":"open","sticky":false,"template":"","format":"standard","meta":[],"categories":[5,8,4],"tags":[56],"_links":{"self":[{"href":"https:\/\/obispadosanfelipe.cl\/2020\/wp-json\/wp\/v2\/posts\/5296"}],"collection":[{"href":"https:\/\/obispadosanfelipe.cl\/2020\/wp-json\/wp\/v2\/posts"}],"about":[{"href":"https:\/\/obispadosanfelipe.cl\/2020\/wp-json\/wp\/v2\/types\/post"}],"author":[{"embeddable":true,"href":"https:\/\/obispadosanfelipe.cl\/2020\/wp-json\/wp\/v2\/users\/1"}],"replies":[{"embeddable":true,"href":"https:\/\/obispadosanfelipe.cl\/2020\/wp-json\/wp\/v2\/comments?post=5296"}],"version-history":[{"count":1,"href":"https:\/\/obispadosanfelipe.cl\/2020\/wp-json\/wp\/v2\/posts\/5296\/revisions"}],"predecessor-version":[{"id":5298,"href":"https:\/\/obispadosanfelipe.cl\/2020\/wp-json\/wp\/v2\/posts\/5296\/revisions\/5298"}],"wp:featuredmedia":[{"embeddable":true,"href":"https:\/\/obispadosanfelipe.cl\/2020\/wp-json\/wp\/v2\/media\/5297"}],"wp:attachment":[{"href":"https:\/\/obispadosanfelipe.cl\/2020\/wp-json\/wp\/v2\/media?parent=5296"}],"wp:term":[{"taxonomy":"category","embeddable":true,"href":"https:\/\/obispadosanfelipe.cl\/2020\/wp-json\/wp\/v2\/categories?post=5296"},{"taxonomy":"post_tag","embeddable":true,"href":"https:\/\/obispadosanfelipe.cl\/2020\/wp-json\/wp\/v2\/tags?post=5296"}],"curies":[{"name":"wp","href":"https:\/\/api.w.org\/{rel}","templated":true}]}}