{"id":5299,"date":"2021-06-08T21:44:56","date_gmt":"2021-06-08T21:44:56","guid":{"rendered":"https:\/\/obispadosanfelipe.cl\/2020\/?p=5299"},"modified":"2021-06-08T21:44:56","modified_gmt":"2021-06-08T21:44:56","slug":"fiesta-del-sagrado-corazon","status":"publish","type":"post","link":"https:\/\/obispadosanfelipe.cl\/2020\/fiesta-del-sagrado-corazon\/","title":{"rendered":"Fiesta del Sagrado Coraz\u00f3n"},"content":{"rendered":"<p><strong>Queridos\/as hermanos y hermanas:<\/strong><\/p>\n<p><strong>El pr\u00f3ximo viernes 11 de junio celebramos <\/strong><strong>la fiesta del Sagrado Coraz\u00f3n de Jes\u00fas, <\/strong><strong>fiesta que en la piedad popular est\u00e1 muy <\/strong><strong>arraigada m\u00e1s bien como una devoci\u00f3n, a <\/strong><strong>veces un tanto dolorista, m\u00e1s que como la <\/strong><strong>celebraci\u00f3n gozosa del amor de Dios que <\/strong><strong>se expresa en el Coraz\u00f3n de Jes\u00fas.<\/strong><\/p>\n<p><strong>El conversatorio al que les estamos invitando, quiere ser un encuentro de hermanas y hermanos que comparten una misma fe en Dios lleno de misericordia y ternura, que vive en el coraz\u00f3n del mundo.<\/strong><\/p>\n<p><strong>Queremos compartir con ustedes el significado de esta celebraci\u00f3n de dos perspectivas: una mirada b\u00edblica, donde descubrimos como Dios nos revela su amor en la persona de Jes\u00fas, tal como lo narran los Evangelios, y una mirada hist\u00f3rica desde la inspiraci\u00f3n de San Juan Eudes, un gran santo de la Iglesia que nos leg\u00f3 una forma muy humana de vivir en conexi\u00f3n cotidiana con el Coraz\u00f3n de Jes\u00fas y un m\u00e9todo sencillo y gozoso de hacerlo.<\/strong><\/p>\n<p><strong>Les esperamos para compartir la alegr\u00eda <\/strong><strong>de sabernos amados\/as por el Coraz\u00f3n de <\/strong><strong>Jes\u00fas.<\/strong><\/p>\n<p>&nbsp;<\/p>\n<p>Hna Francisca Ponce, Religiosa del Buen Pastor, Directora de Centro Espiritualidad del Buen Pastor.<\/p>\n","protected":false},"excerpt":{"rendered":"<p>Queridos\/as hermanos y hermanas: El pr\u00f3ximo viernes 11 de junio celebramos la fiesta del Sagrado Coraz\u00f3n de Jes\u00fas, fiesta que en la piedad popular est\u00e1 muy arraigada m\u00e1s bien como&hellip;<\/p>\n","protected":false},"author":1,"featured_media":5300,"comment_status":"closed","ping_status":"open","sticky":false,"template":"","format":"standard","meta":[],"categories":[52,5,8,4],"tags":[],"_links":{"self":[{"href":"https:\/\/obispadosanfelipe.cl\/2020\/wp-json\/wp\/v2\/posts\/5299"}],"collection":[{"href":"https:\/\/obispadosanfelipe.cl\/2020\/wp-json\/wp\/v2\/posts"}],"about":[{"href":"https:\/\/obispadosanfelipe.cl\/2020\/wp-json\/wp\/v2\/types\/post"}],"author":[{"embeddable":true,"href":"https:\/\/obispadosanfelipe.cl\/2020\/wp-json\/wp\/v2\/users\/1"}],"replies":[{"embeddable":true,"href":"https:\/\/obispadosanfelipe.cl\/2020\/wp-json\/wp\/v2\/comments?post=5299"}],"version-history":[{"count":1,"href":"https:\/\/obispadosanfelipe.cl\/2020\/wp-json\/wp\/v2\/posts\/5299\/revisions"}],"predecessor-version":[{"id":5301,"href":"https:\/\/obispadosanfelipe.cl\/2020\/wp-json\/wp\/v2\/posts\/5299\/revisions\/5301"}],"wp:featuredmedia":[{"embeddable":true,"href":"https:\/\/obispadosanfelipe.cl\/2020\/wp-json\/wp\/v2\/media\/5300"}],"wp:attachment":[{"href":"https:\/\/obispadosanfelipe.cl\/2020\/wp-json\/wp\/v2\/media?parent=5299"}],"wp:term":[{"taxonomy":"category","embeddable":true,"href":"https:\/\/obispadosanfelipe.cl\/2020\/wp-json\/wp\/v2\/categories?post=5299"},{"taxonomy":"post_tag","embeddable":true,"href":"https:\/\/obispadosanfelipe.cl\/2020\/wp-json\/wp\/v2\/tags?post=5299"}],"curies":[{"name":"wp","href":"https:\/\/api.w.org\/{rel}","templated":true}]}}