{"id":5302,"date":"2021-06-09T10:43:47","date_gmt":"2021-06-09T10:43:47","guid":{"rendered":"https:\/\/obispadosanfelipe.cl\/2020\/?p=5302"},"modified":"2021-06-10T00:30:23","modified_gmt":"2021-06-10T00:30:23","slug":"domingo-de-oracion-por-la-iglesia-perseguida","status":"publish","type":"post","link":"https:\/\/obispadosanfelipe.cl\/2020\/domingo-de-oracion-por-la-iglesia-perseguida\/","title":{"rendered":"Domingo de Oraci\u00f3n por la Iglesia Perseguida"},"content":{"rendered":"<p><strong><em>Este domingo 13 de junio te invitamos a rezar por los cristianos perseguidos.<\/em><\/strong><\/p>\n<p>&nbsp;<\/p>\n<p>Pertenecemos a la religi\u00f3n m\u00e1s perseguida de todo el planeta. Seg\u00fan el Informe de Libertad Religiosa en el Mundo 2021, publicado el pasado abril, el 27% de los cristianos vive en pa\u00edses donde no pueden practicar libremente su fe (https:\/\/acninternational.org\/religiousfreedomreport\/es\/home\/)<\/p>\n<p>Un tema que en Ayuda a la Iglesia que Sufre (ACN) nos preocupa y ocupa. Es por esto que, junto a la Conferencia Episcopal de Chile, te invitamos a sumarte este 13 de junio al Domingo de Oraci\u00f3n por los Cristianos Perseguidos.<\/p>\n<p>Una instancia en que nos unimos para rezar por aquellos hermanos que son hostigados a causa de su fe. Este a\u00f1o, producto de la pandemia, no todos podremos participar presencialmente en la Misa. Pero no por eso dejemos de rezar por ellos en nuestra oraci\u00f3n personal o en familia. (https:\/\/www.acn-chile.org\/material-de-oracion).<\/p>\n<p>Los cristianos perseguidos tienen rostro y en ACN los conocemos y apoyamos. Por ejemplo, en Pakist\u00e1n vemos con preocupaci\u00f3n c\u00f3mo los secuestros de ni\u00f1as y mujeres cristianas han aumentado: las obligan a casarse y a convertirse al Islam. Las v\u00edctimas vienen de familias muy pobres y ACN les brinda asistencia legal y sicol\u00f3gica para que puedan superar el trauma.<\/p>\n<p>No queremos olvidar a quienes experimentan el temor de ser asesinados en las iglesias, aun as\u00ed, poniendo en riesgo sus vidas, ellos no dejan de acudir a rezar y encontrarse con Dios en la Eucarist\u00eda.<\/p>\n<p>Otras veces los necesitados son sacerdotes y religiosas que lo dejan todo por cuidar a los fieles, la pandemia es una muestra de su abnegaci\u00f3n y sacrificio. Gracias a la generosidad de nuestros benefactores, estamos apoyando a miles de ellos que acompa\u00f1an a las v\u00edctimas de este virus.<\/p>\n<p>Como una forma de conocer mejor la realidad dela Iglesia perseguida, junto a Capellan\u00eda de la Universidad de Los Andes hemos preparado una charla zoom junto al sacerdote Yovane Cox. El siendo chileno, se orden\u00f3 y ha vivido gran parte de su sacerdocio en Centro\u00e1frica. Este jueves compartir\u00e1 su experiencia junto a los cristianos perseguidos, a las 19 horas. Quienes quieran participar pueden inscribirse en <a href=\"https:\/\/forms.gle\/ZbnRxTup4fFrxipY9\">https:\/\/forms.gle\/ZbnRxTup4fFrxipY9<\/a>.<\/p>\n<p>Recuerda, este domingo 13 de junio te invitamos a tener presente en tu oraci\u00f3n a los cristianos perseguidos y conocer m\u00e1s de su situaci\u00f3n. Te invitamos a descargar el material que hemos preparado en nuestra p\u00e1gina web: <a href=\"http:\/\/www.acn-chile.org\">www.acn-chile.org<\/a><\/p>\n<p>&nbsp;<\/p>\n<p>&nbsp;<\/p>\n<p>Fuente: Ayuda a la Iglesia que Sufre<\/p>\n<p>&nbsp;<\/p>\n","protected":false},"excerpt":{"rendered":"<p>Este domingo 13 de junio te invitamos a rezar por los cristianos perseguidos. &nbsp; Pertenecemos a la religi\u00f3n m\u00e1s perseguida de todo el planeta. Seg\u00fan el Informe de Libertad Religiosa&hellip;<\/p>\n","protected":false},"author":1,"featured_media":5303,"comment_status":"closed","ping_status":"open","sticky":false,"template":"","format":"standard","meta":[],"categories":[6,5,8,4],"tags":[],"_links":{"self":[{"href":"https:\/\/obispadosanfelipe.cl\/2020\/wp-json\/wp\/v2\/posts\/5302"}],"collection":[{"href":"https:\/\/obispadosanfelipe.cl\/2020\/wp-json\/wp\/v2\/posts"}],"about":[{"href":"https:\/\/obispadosanfelipe.cl\/2020\/wp-json\/wp\/v2\/types\/post"}],"author":[{"embeddable":true,"href":"https:\/\/obispadosanfelipe.cl\/2020\/wp-json\/wp\/v2\/users\/1"}],"replies":[{"embeddable":true,"href":"https:\/\/obispadosanfelipe.cl\/2020\/wp-json\/wp\/v2\/comments?post=5302"}],"version-history":[{"count":2,"href":"https:\/\/obispadosanfelipe.cl\/2020\/wp-json\/wp\/v2\/posts\/5302\/revisions"}],"predecessor-version":[{"id":5305,"href":"https:\/\/obispadosanfelipe.cl\/2020\/wp-json\/wp\/v2\/posts\/5302\/revisions\/5305"}],"wp:featuredmedia":[{"embeddable":true,"href":"https:\/\/obispadosanfelipe.cl\/2020\/wp-json\/wp\/v2\/media\/5303"}],"wp:attachment":[{"href":"https:\/\/obispadosanfelipe.cl\/2020\/wp-json\/wp\/v2\/media?parent=5302"}],"wp:term":[{"taxonomy":"category","embeddable":true,"href":"https:\/\/obispadosanfelipe.cl\/2020\/wp-json\/wp\/v2\/categories?post=5302"},{"taxonomy":"post_tag","embeddable":true,"href":"https:\/\/obispadosanfelipe.cl\/2020\/wp-json\/wp\/v2\/tags?post=5302"}],"curies":[{"name":"wp","href":"https:\/\/api.w.org\/{rel}","templated":true}]}}