{"id":5356,"date":"2021-06-15T10:18:40","date_gmt":"2021-06-15T10:18:40","guid":{"rendered":"https:\/\/obispadosanfelipe.cl\/2020\/?p=5356"},"modified":"2021-06-15T15:20:46","modified_gmt":"2021-06-15T15:20:46","slug":"el-abc-para-participar-de-los-foros-tematicos-de-la-asamblea-eclesial","status":"publish","type":"post","link":"https:\/\/obispadosanfelipe.cl\/2020\/el-abc-para-participar-de-los-foros-tematicos-de-la-asamblea-eclesial\/","title":{"rendered":"El ABC para participar de los foros tem\u00e1ticos de la Asamblea Eclesial"},"content":{"rendered":"<p>La<strong>\u00a0Asamblea Eclesial de Am\u00e9rica Latina y el Caribe<\/strong>\u00a0se encuentra en plena fase de la escucha, donde est\u00e1n convocados a participar fieles, consagrados, clero, organizaciones y grupos de la Iglesia.<\/p>\n<p>&nbsp;<\/p>\n<hr \/>\n<p>La escucha se ha organizado en tres modalidades: individual, grupal y foros tem\u00e1ticos. Estos \u00faltimos constituyen un instrumento esencial para recoger todas las voces.<\/p>\n<p>El producto de esta escucha ser\u00e1 la base para el discernimiento que iluminar\u00e1 los pasos futuros que, como Iglesia en la regi\u00f3n y como\u00a0<strong>Consejo Episcopal Latinoamericano (Celam)<\/strong>, se deben dar para acompa\u00f1ar al Jes\u00fas encarnado hoy en medio del pueblo.<\/p>\n<p>Le puede interesar:\u00a0<a href=\"https:\/\/prensacelam.org\/2021\/06\/14\/mons-walmor-oliveira-de-azevedo-hay-muchas-personas-que-se-levantan-sin-saber-que-van-a-comer\/\">Mons. Walmor Oliveira de Azevedo: \u201cHay muchas personas que se levantan sin saber qu\u00e9 van a comer\u201d<\/a><\/p>\n<h5>Sobre los foros tem\u00e1ticos<\/h5>\n<p>En estos foros tem\u00e1ticos cada persona particular o representantes de organizaciones deber\u00e1n diligenciar el registro en la plataforma para la escucha. Una vez realizado este paso, ingresar\u00e1n en la secci\u00f3n de foros.<\/p>\n<p>Se han propuesto temas relacionados con la realidad del continente: sinodalidad, j\u00f3venes, Pacto Educativo Global, ecolog\u00eda Integral, pandemia,\u00a0 econom\u00eda de Francisco, son algunos de estos, y est\u00e1n disponibles en la plataforma.<\/p>\n<p>De igual forma cada participante u organizaci\u00f3n tiene la opci\u00f3n de plantear su propio foro, lo podr\u00e1 hacer en la misma secci\u00f3n, all\u00ed encontrar\u00e1 la opci\u00f3n: \u00bfQuieres proponer un nuevo foro?<\/p>\n<p>En el siguiente v\u00eddeo te explicamos en qu\u00e9 consiste el foro tem\u00e1tico:<\/p>\n<p><iframe loading=\"lazy\" title=\"YouTube video player\" src=\"https:\/\/www.youtube.com\/embed\/qYFck8SxDY4\" width=\"804\" height=\"452\" frameborder=\"0\" allowfullscreen=\"allowfullscreen\" data-mce-fragment=\"1\"><\/iframe><\/p>\n","protected":false},"excerpt":{"rendered":"<p>La\u00a0Asamblea Eclesial de Am\u00e9rica Latina y el Caribe\u00a0se encuentra en plena fase de la escucha, donde est\u00e1n convocados a participar fieles, consagrados, clero, organizaciones y grupos de la Iglesia. &nbsp;&hellip;<\/p>\n","protected":false},"author":1,"featured_media":5357,"comment_status":"closed","ping_status":"open","sticky":false,"template":"","format":"standard","meta":[],"categories":[57,8],"tags":[],"_links":{"self":[{"href":"https:\/\/obispadosanfelipe.cl\/2020\/wp-json\/wp\/v2\/posts\/5356"}],"collection":[{"href":"https:\/\/obispadosanfelipe.cl\/2020\/wp-json\/wp\/v2\/posts"}],"about":[{"href":"https:\/\/obispadosanfelipe.cl\/2020\/wp-json\/wp\/v2\/types\/post"}],"author":[{"embeddable":true,"href":"https:\/\/obispadosanfelipe.cl\/2020\/wp-json\/wp\/v2\/users\/1"}],"replies":[{"embeddable":true,"href":"https:\/\/obispadosanfelipe.cl\/2020\/wp-json\/wp\/v2\/comments?post=5356"}],"version-history":[{"count":1,"href":"https:\/\/obispadosanfelipe.cl\/2020\/wp-json\/wp\/v2\/posts\/5356\/revisions"}],"predecessor-version":[{"id":5358,"href":"https:\/\/obispadosanfelipe.cl\/2020\/wp-json\/wp\/v2\/posts\/5356\/revisions\/5358"}],"wp:featuredmedia":[{"embeddable":true,"href":"https:\/\/obispadosanfelipe.cl\/2020\/wp-json\/wp\/v2\/media\/5357"}],"wp:attachment":[{"href":"https:\/\/obispadosanfelipe.cl\/2020\/wp-json\/wp\/v2\/media?parent=5356"}],"wp:term":[{"taxonomy":"category","embeddable":true,"href":"https:\/\/obispadosanfelipe.cl\/2020\/wp-json\/wp\/v2\/categories?post=5356"},{"taxonomy":"post_tag","embeddable":true,"href":"https:\/\/obispadosanfelipe.cl\/2020\/wp-json\/wp\/v2\/tags?post=5356"}],"curies":[{"name":"wp","href":"https:\/\/api.w.org\/{rel}","templated":true}]}}