{"id":5360,"date":"2021-06-16T09:06:39","date_gmt":"2021-06-16T09:06:39","guid":{"rendered":"https:\/\/obispadosanfelipe.cl\/2020\/?p=5360"},"modified":"2021-06-16T14:11:18","modified_gmt":"2021-06-16T14:11:18","slug":"aforos-en-ceremonias-religiosas-2","status":"publish","type":"post","link":"https:\/\/obispadosanfelipe.cl\/2020\/aforos-en-ceremonias-religiosas-2\/","title":{"rendered":"Aforos en ceremonias religiosas"},"content":{"rendered":"<p><em><strong>Presentamos una s\u00edntesis de la normativa vigente al 4 de junio de 2021 sobre la realizaci\u00f3n de ceremonias religiosas en las distintas fases del plan \u00abPaso a paso\u00bb.<\/strong><\/em><\/p>\n<hr \/>\n<p><strong>Fase 1 Cuarentena<\/strong><\/p>\n<p><strong>En la fase 1 Cuarentena se pueden realizar (lunes a Domingo):<\/strong><\/p>\n<p>&#8211; misas, funerales, matrimonios y cualquier otra ceremonia religiosa con un aforo m\u00e1ximo de 20 personas en un espacio abierto, o de 10 en un espacio cerrado. Con todo, el aforo m\u00e1ximo no podr\u00e1 ser mayor a 1 persona por cada 8 metros cuadrados de superficie \u00fatil\u00bb.<br \/>\nEsto quiere decir que, de acuerdo a la superficie total del templo en metro cuadrados, el aforo total ser\u00e1 1 persona por cada 8 metros cuadrados con l\u00edmite de 10 personas en espacio cerrado y 20 personas en espacio abierto, manteniendo la distancia entre una persona y otra de un metro lineal como m\u00ednimo.<br \/>\nUso permanente de mascarilla.<\/p>\n<p><strong>Permisos de desplazamiento en Cuarentena<\/strong><\/p>\n<p>Los\u00a0ministros de culto\u00a0se pueden desplazar exhibiendo su credencial institucional emitida por la Curia Diocesana u organismo oficial equivalente, junto a su c\u00e9dula de identidad conforme a lo establecido en el\u00a0<b><a href=\"https:\/\/s3.amazonaws.com\/gobcl-prod\/public_files\/Campa%C3%B1as\/Corona-Virus\/documentos\/paso-a-paso\/Instructivo_desplazamiento_3.06.2021_v_1106_MBL.docx.pdf\" target=\"_blank\" rel=\"noopener\">Instructivo de Desplazamiento actualizado al 4 de junio<\/a><\/b>, en el punto IV n\u00famero 5 letra A (p\u00e1g. 19).<\/p>\n<p>Quienes\u00a0asistan al ministro de culto\u00a0(concelebrantes, monaguillos, sacristanes, coro, etc.) pueden desplazarse exhibiendo copia de un certificado que debe emitir el respectivo ministro de culto legalmente reconocido, documento en el que pueden ser incluidas hasta 5 personas y que debe ser enviado por correo electr\u00f3nico a\u00a0<b><a href=\"mailto:spd-cultos@interior.gob.cl\">spd-cultos@interior.gob.cl<\/a><\/b>\u00a0dentro de las 24 horas antes de la celebraci\u00f3n. Los antecedentes de este procedimiento est\u00e1n se\u00f1alados en el\u00a0<b><a href=\"https:\/\/s3.amazonaws.com\/gobcl-prod\/public_files\/Campa%C3%B1as\/Corona-Virus\/documentos\/paso-a-paso\/Instructivo_desplazamiento_3.06.2021_v_1106_MBL.docx.pdf\" target=\"_blank\" rel=\"noopener\">Instructivo de Desplazamiento actualizado al 4 de junio<\/a><\/b>.<\/p>\n<p>Los\u00a0feligreses que quieran asistir a estas misas y ceremonias\u00a0, y que no est\u00e9n contemplados en el certificado antes mencionado, podr\u00e1n utilizar su pase de movilidad en caso de que cuenten con \u00e9l, o bien con el permiso individual de desplazamiento general a trav\u00e9s de Comisar\u00eda Virtual. En todo caso, la suma total de los asistentes no puede superar el aforo m\u00e1ximo respectivo.<\/p>\n<p>Para\u00a0concurrir a un matrimonio\u00a0, los invitados deber\u00e1n proceder por la v\u00eda indicada en el punto II, n\u00famero 7 (p\u00e1g. 6) del\u00a0<b><a href=\"https:\/\/s3.amazonaws.com\/gobcl-prod\/public_files\/Campa%C3%B1as\/Corona-Virus\/documentos\/paso-a-paso\/Instructivo_desplazamiento_3.06.2021_v_1106_MBL.docx.pdf\" target=\"_blank\" rel=\"noopener\">Instructivo de Desplazamiento actualizado al 4 de junio<\/a><\/b>.<\/p>\n<p>Para\u00a0concurrir a un funeral, los familiares directos disponen de un per\u00edodo de 5 horas de libre tr\u00e1nsito si reside en la misma regi\u00f3n del funeral, y 24 horas, si el funeral es en otra regi\u00f3n, seg\u00fan lo establecido en el punto II, n\u00famero 3 (p\u00e1g. 6) del\u00a0<b><a href=\"https:\/\/s3.amazonaws.com\/gobcl-prod\/public_files\/Campa%C3%B1as\/Corona-Virus\/documentos\/paso-a-paso\/Instructivo_desplazamiento_3.06.2021_v_1106_MBL.docx.pdf\" target=\"_blank\" rel=\"noopener\">Instructivo de Desplazamiento actualizado al 4 de junio<\/a><\/b>.<\/p>\n<p><strong>Fase 2 Transici\u00f3n<\/strong><\/p>\n<p><strong>En la fase 2 Transici\u00f3n, se pueden realizar:<\/strong><\/p>\n<p>&#8211; de lunes a Domingo, misas, matrimonios, funerales y cualquier otra ceremonia con un aforo m\u00e1ximo de 20 personas en espacios cerrados o de 40 personas en espacios abiertos. Con todo, el aforo total no podr\u00e1 ser mayor a 1 persona por cada 8 metros cuadrados de superficie \u00fatil.<br \/>\n&#8211; Los d\u00edas s\u00e1bados, domingos y festivos se debe utilizar el permiso de desplazamiento o el certificado, de acuerdo a lo establecido para fase 1 Cuarentena.<br \/>\n&#8211; Uso permanente de mascarilla.<\/p>\n<p><strong>Fase 3 Preparaci\u00f3n<\/strong><\/p>\n<p>En la fase 3 Preparaci\u00f3n, se pueden realizar de lunes a Domingo misas y cualquier otra ceremonia religiosa con un aforo m\u00e1ximo de 75 personas en lugares cerrados con ventilaci\u00f3n adecuada y permanente y de 150 personas en lugares abiertos. No se podr\u00e1n sumar los aforos de espacios abiertos y cerrados. Uso permanente de mascarilla.<\/p>\n<p><strong>Fase 4 Apertura Inicial<\/strong><\/p>\n<p>En fase 4 Apertura Inicial se pueden realizar de lunes a Domingo misas y cualquier otra ceremonia religiosa con un aforo m\u00e1ximo de 150 personas en lugares cerrados con ventilaci\u00f3n adecuada y permanente y de 300 personas en lugares abiertos. No se podr\u00e1n sumar los aforos de espacios abiertos y cerrados. Uso permanente de mascarilla.<\/p>\n<p>Normas y protocolos vigentes<\/p>\n<p>&#8211;\u00a0<b><a href=\"https:\/\/www.bcn.cl\/leychile\/navegar?idNorma=1154619\" target=\"_blank\" rel=\"noopener\">Resoluci\u00f3n exenta N.\u00ba 43 del Ministerio de Salud<\/a><\/b><\/p>\n<p>&#8211;\u00a0<b><a href=\"https:\/\/s3.amazonaws.com\/gobcl-prod\/public_files\/Campa%C3%B1as\/Corona-Virus\/documentos\/paso-a-paso\/Instructivo_desplazamiento_3.06.2021_v_1106_MBL.docx.pdf\" target=\"_blank\" rel=\"noopener\">Instructivo de Desplazamiento actualizado al 4 de junio de 2021<\/a><\/b><\/p>\n<p>&#8211;\u00a0<b><a href=\"https:\/\/s3.amazonaws.com\/gobcl-prod\/public_files\/Campa%C3%B1as\/Corona-Virus\/documentos\/paso-a-paso\/PROTOCOLO_CULTOS_V6.pdf\" target=\"_blank\" rel=\"noopener\">Protocolo prevenci\u00f3n Covid-19 en ceremonias y cultos religiosos actualizado al 20 de mayo de 2021<\/a><\/b><\/p>\n<p>Fuente: Secretar\u00eda General CECh<br \/>\n<span class=\"texto_fecha\"><em>CECh, 04-06-2021<\/em><\/span><\/p>\n","protected":false},"excerpt":{"rendered":"<p>Presentamos una s\u00edntesis de la normativa vigente al 4 de junio de 2021 sobre la realizaci\u00f3n de ceremonias religiosas en las distintas fases del plan \u00abPaso a paso\u00bb. Fase 1&hellip;<\/p>\n","protected":false},"author":1,"featured_media":4692,"comment_status":"closed","ping_status":"open","sticky":false,"template":"","format":"standard","meta":[],"categories":[8],"tags":[],"_links":{"self":[{"href":"https:\/\/obispadosanfelipe.cl\/2020\/wp-json\/wp\/v2\/posts\/5360"}],"collection":[{"href":"https:\/\/obispadosanfelipe.cl\/2020\/wp-json\/wp\/v2\/posts"}],"about":[{"href":"https:\/\/obispadosanfelipe.cl\/2020\/wp-json\/wp\/v2\/types\/post"}],"author":[{"embeddable":true,"href":"https:\/\/obispadosanfelipe.cl\/2020\/wp-json\/wp\/v2\/users\/1"}],"replies":[{"embeddable":true,"href":"https:\/\/obispadosanfelipe.cl\/2020\/wp-json\/wp\/v2\/comments?post=5360"}],"version-history":[{"count":1,"href":"https:\/\/obispadosanfelipe.cl\/2020\/wp-json\/wp\/v2\/posts\/5360\/revisions"}],"predecessor-version":[{"id":5361,"href":"https:\/\/obispadosanfelipe.cl\/2020\/wp-json\/wp\/v2\/posts\/5360\/revisions\/5361"}],"wp:featuredmedia":[{"embeddable":true,"href":"https:\/\/obispadosanfelipe.cl\/2020\/wp-json\/wp\/v2\/media\/4692"}],"wp:attachment":[{"href":"https:\/\/obispadosanfelipe.cl\/2020\/wp-json\/wp\/v2\/media?parent=5360"}],"wp:term":[{"taxonomy":"category","embeddable":true,"href":"https:\/\/obispadosanfelipe.cl\/2020\/wp-json\/wp\/v2\/categories?post=5360"},{"taxonomy":"post_tag","embeddable":true,"href":"https:\/\/obispadosanfelipe.cl\/2020\/wp-json\/wp\/v2\/tags?post=5360"}],"curies":[{"name":"wp","href":"https:\/\/api.w.org\/{rel}","templated":true}]}}