{"id":5363,"date":"2021-06-17T09:05:37","date_gmt":"2021-06-17T09:05:37","guid":{"rendered":"https:\/\/obispadosanfelipe.cl\/2020\/?p=5363"},"modified":"2021-06-17T14:14:40","modified_gmt":"2021-06-17T14:14:40","slug":"municipio-de-putaendo-reconoce-publicamente-fernando-garcia-por-su-buen-trato-hacia-los-adultos-mayores","status":"publish","type":"post","link":"https:\/\/obispadosanfelipe.cl\/2020\/municipio-de-putaendo-reconoce-publicamente-fernando-garcia-por-su-buen-trato-hacia-los-adultos-mayores\/","title":{"rendered":"Municipio de Putaendo reconoce p\u00fablicamente Fernando Garc\u00eda por su buen trato hacia los adultos mayores"},"content":{"rendered":"<p><strong><em>Los adultos mayores de la comuna destacaron a don Fe\u00f1a por su voluntad y cari\u00f1o.<\/em><\/strong><\/p>\n<hr \/>\n<p>Don Fe\u00f1a participa activamente en la Parroquia San Antonio de Padua de Putaendo, es visitador del 1% y adem\u00e1s conductor de la camioneta cuando se realizan caravanas o peregrinaciones en la comuna. Se destaca por su buen humor y su alegr\u00eda siempre con una sonrisa est\u00e1 disponible para quienes requieran de su ayuda. Entregando su testimonio de la Alegr\u00eda del Evangelio en medio del mundo.<\/p>\n<p>Esta distinci\u00f3n se enmarca en el D\u00eda Mundial de Toma de Conciencia de Abuso y Maltrato en la Vejez. El reconocimiento est\u00e1 basado en un sondeo que se realiz\u00f3 a adultos mayores de todo Putaendo, quienes expresaron sus inquietudes sobre las personas que m\u00e1s les ayudan en su diario vivir. En este caso, ellas y ellos destacaron la voluntad y el cari\u00f1o de don Fernando en los recorridos que \u00e9l realiza por todo la comuna con adultos mayores.<\/p>\n<p>&nbsp;<\/p>\n<p>Fuente:<\/p>\n","protected":false},"excerpt":{"rendered":"<p>Los adultos mayores de la comuna destacaron a don Fe\u00f1a por su voluntad y cari\u00f1o. Don Fe\u00f1a participa activamente en la Parroquia San Antonio de Padua de Putaendo, es visitador&hellip;<\/p>\n","protected":false},"author":1,"featured_media":5364,"comment_status":"closed","ping_status":"open","sticky":false,"template":"","format":"standard","meta":[],"categories":[8,54],"tags":[],"_links":{"self":[{"href":"https:\/\/obispadosanfelipe.cl\/2020\/wp-json\/wp\/v2\/posts\/5363"}],"collection":[{"href":"https:\/\/obispadosanfelipe.cl\/2020\/wp-json\/wp\/v2\/posts"}],"about":[{"href":"https:\/\/obispadosanfelipe.cl\/2020\/wp-json\/wp\/v2\/types\/post"}],"author":[{"embeddable":true,"href":"https:\/\/obispadosanfelipe.cl\/2020\/wp-json\/wp\/v2\/users\/1"}],"replies":[{"embeddable":true,"href":"https:\/\/obispadosanfelipe.cl\/2020\/wp-json\/wp\/v2\/comments?post=5363"}],"version-history":[{"count":1,"href":"https:\/\/obispadosanfelipe.cl\/2020\/wp-json\/wp\/v2\/posts\/5363\/revisions"}],"predecessor-version":[{"id":5365,"href":"https:\/\/obispadosanfelipe.cl\/2020\/wp-json\/wp\/v2\/posts\/5363\/revisions\/5365"}],"wp:featuredmedia":[{"embeddable":true,"href":"https:\/\/obispadosanfelipe.cl\/2020\/wp-json\/wp\/v2\/media\/5364"}],"wp:attachment":[{"href":"https:\/\/obispadosanfelipe.cl\/2020\/wp-json\/wp\/v2\/media?parent=5363"}],"wp:term":[{"taxonomy":"category","embeddable":true,"href":"https:\/\/obispadosanfelipe.cl\/2020\/wp-json\/wp\/v2\/categories?post=5363"},{"taxonomy":"post_tag","embeddable":true,"href":"https:\/\/obispadosanfelipe.cl\/2020\/wp-json\/wp\/v2\/tags?post=5363"}],"curies":[{"name":"wp","href":"https:\/\/api.w.org\/{rel}","templated":true}]}}