{"id":5583,"date":"2021-07-26T21:03:21","date_gmt":"2021-07-26T21:03:21","guid":{"rendered":"https:\/\/obispadosanfelipe.cl\/2020\/?p=5583"},"modified":"2021-07-27T01:03:43","modified_gmt":"2021-07-27T01:03:43","slug":"tercer-encuentro-del-equipo-de-conduccion-pastoral","status":"publish","type":"post","link":"https:\/\/obispadosanfelipe.cl\/2020\/tercer-encuentro-del-equipo-de-conduccion-pastoral\/","title":{"rendered":"Tercer encuentro del Equipo de Conducci\u00f3n Pastoral"},"content":{"rendered":"<p>Durante la ma\u00f1ana del s\u00e1bado 24 de julio se llev\u00f3 a cabo el \u00bb 3\u00b0 Encuentro del Equipo de Conducci\u00f3n Pastoral\u00bb, en donde participaron los delegados y miembros de las distintas delegaciones episcopales.<\/p>\n<p>El objetivo de este encuentro es continuar con el discernimiento del caminar diocesano a la luz de las Orientaciones Pastorales para fortalecer la relacionalidad entre las delegaciones y su misi\u00f3n al servicio de las distintas comunidades.<\/p>\n<p>&nbsp;<\/p>\n\n\t\t\t<style type='text\/css'>\n\t\t\t\t#gallery-1 {\n\t\t\t\t\tmargin: auto;\n\t\t\t\t}\n\t\t\t\t#gallery-1 .gallery-item {\n\t\t\t\t\tfloat: left;\n\t\t\t\t\tmargin-top: 10px;\n\t\t\t\t\ttext-align: center;\n\t\t\t\t\twidth: 50%;\n\t\t\t\t}\n\t\t\t\t#gallery-1 img {\n\t\t\t\t\tborder: 2px solid #cfcfcf;\n\t\t\t\t}\n\t\t\t\t#gallery-1 .gallery-caption {\n\t\t\t\t\tmargin-left: 0;\n\t\t\t\t}\n\t\t\t\t\/* see gallery_shortcode() in wp-includes\/media.php *\/\n\t\t\t<\/style>\n\t\t<div id='gallery-1' class='dt-gallery-container gallery galleryid-5583 gallery-columns-2 gallery-size-large'><dl class='gallery-item'>\n\t\t\t\t<dt class='gallery-icon landscape'>\n\t\t\t\t\t<a class=\"rollover\" href='https:\/\/obispadosanfelipe.cl\/2020\/tercer-encuentro-del-equipo-de-conduccion-pastoral\/whatsapp-image-2021-07-26-at-20-39-00-2\/'><img width=\"1024\" height=\"682\" src=\"https:\/\/obispadosanfelipe.cl\/2020\/wp-content\/uploads\/2021\/07\/WhatsApp-Image-2021-07-26-at-20.39.00-2-1024x682.jpeg\" class=\"attachment-large size-large\" alt=\"\" loading=\"lazy\" srcset=\"https:\/\/obispadosanfelipe.cl\/2020\/wp-content\/uploads\/2021\/07\/WhatsApp-Image-2021-07-26-at-20.39.00-2-1024x682.jpeg 1024w, https:\/\/obispadosanfelipe.cl\/2020\/wp-content\/uploads\/2021\/07\/WhatsApp-Image-2021-07-26-at-20.39.00-2-300x200.jpeg 300w, https:\/\/obispadosanfelipe.cl\/2020\/wp-content\/uploads\/2021\/07\/WhatsApp-Image-2021-07-26-at-20.39.00-2-768x512.jpeg 768w, https:\/\/obispadosanfelipe.cl\/2020\/wp-content\/uploads\/2021\/07\/WhatsApp-Image-2021-07-26-at-20.39.00-2.jpeg 1280w\" sizes=\"(max-width: 1024px) 100vw, 1024px\" \/><\/a>\n\t\t\t\t<\/dt><\/dl><dl class='gallery-item'>\n\t\t\t\t<dt class='gallery-icon landscape'>\n\t\t\t\t\t<a class=\"rollover\" href='https:\/\/obispadosanfelipe.cl\/2020\/tercer-encuentro-del-equipo-de-conduccion-pastoral\/whatsapp-image-2021-07-26-at-20-39-00-1\/'><img width=\"1024\" height=\"682\" src=\"https:\/\/obispadosanfelipe.cl\/2020\/wp-content\/uploads\/2021\/07\/WhatsApp-Image-2021-07-26-at-20.39.00-1-1024x682.jpeg\" class=\"attachment-large size-large\" alt=\"\" loading=\"lazy\" srcset=\"https:\/\/obispadosanfelipe.cl\/2020\/wp-content\/uploads\/2021\/07\/WhatsApp-Image-2021-07-26-at-20.39.00-1-1024x682.jpeg 1024w, https:\/\/obispadosanfelipe.cl\/2020\/wp-content\/uploads\/2021\/07\/WhatsApp-Image-2021-07-26-at-20.39.00-1-300x200.jpeg 300w, https:\/\/obispadosanfelipe.cl\/2020\/wp-content\/uploads\/2021\/07\/WhatsApp-Image-2021-07-26-at-20.39.00-1-768x512.jpeg 768w, https:\/\/obispadosanfelipe.cl\/2020\/wp-content\/uploads\/2021\/07\/WhatsApp-Image-2021-07-26-at-20.39.00-1.jpeg 1280w\" sizes=\"(max-width: 1024px) 100vw, 1024px\" \/><\/a>\n\t\t\t\t<\/dt><\/dl><br style=\"clear: both\" \/><dl class='gallery-item'>\n\t\t\t\t<dt class='gallery-icon landscape'>\n\t\t\t\t\t<a class=\"rollover\" href='https:\/\/obispadosanfelipe.cl\/2020\/tercer-encuentro-del-equipo-de-conduccion-pastoral\/whatsapp-image-2021-07-26-at-20-39-00\/'><img width=\"1024\" height=\"682\" src=\"https:\/\/obispadosanfelipe.cl\/2020\/wp-content\/uploads\/2021\/07\/WhatsApp-Image-2021-07-26-at-20.39.00-1024x682.jpeg\" class=\"attachment-large size-large\" alt=\"\" loading=\"lazy\" srcset=\"https:\/\/obispadosanfelipe.cl\/2020\/wp-content\/uploads\/2021\/07\/WhatsApp-Image-2021-07-26-at-20.39.00-1024x682.jpeg 1024w, https:\/\/obispadosanfelipe.cl\/2020\/wp-content\/uploads\/2021\/07\/WhatsApp-Image-2021-07-26-at-20.39.00-300x200.jpeg 300w, https:\/\/obispadosanfelipe.cl\/2020\/wp-content\/uploads\/2021\/07\/WhatsApp-Image-2021-07-26-at-20.39.00-768x512.jpeg 768w, https:\/\/obispadosanfelipe.cl\/2020\/wp-content\/uploads\/2021\/07\/WhatsApp-Image-2021-07-26-at-20.39.00.jpeg 1280w\" sizes=\"(max-width: 1024px) 100vw, 1024px\" \/><\/a>\n\t\t\t\t<\/dt><\/dl><dl class='gallery-item'>\n\t\t\t\t<dt class='gallery-icon landscape'>\n\t\t\t\t\t<a class=\"rollover\" href='https:\/\/obispadosanfelipe.cl\/2020\/tercer-encuentro-del-equipo-de-conduccion-pastoral\/whatsapp-image-2021-07-26-at-20-38-59-1\/'><img width=\"1024\" height=\"682\" src=\"https:\/\/obispadosanfelipe.cl\/2020\/wp-content\/uploads\/2021\/07\/WhatsApp-Image-2021-07-26-at-20.38.59-1-1024x682.jpeg\" class=\"attachment-large size-large\" alt=\"\" loading=\"lazy\" srcset=\"https:\/\/obispadosanfelipe.cl\/2020\/wp-content\/uploads\/2021\/07\/WhatsApp-Image-2021-07-26-at-20.38.59-1-1024x682.jpeg 1024w, https:\/\/obispadosanfelipe.cl\/2020\/wp-content\/uploads\/2021\/07\/WhatsApp-Image-2021-07-26-at-20.38.59-1-300x200.jpeg 300w, https:\/\/obispadosanfelipe.cl\/2020\/wp-content\/uploads\/2021\/07\/WhatsApp-Image-2021-07-26-at-20.38.59-1-768x512.jpeg 768w, https:\/\/obispadosanfelipe.cl\/2020\/wp-content\/uploads\/2021\/07\/WhatsApp-Image-2021-07-26-at-20.38.59-1.jpeg 1280w\" sizes=\"(max-width: 1024px) 100vw, 1024px\" \/><\/a>\n\t\t\t\t<\/dt><\/dl><br style=\"clear: both\" \/>\n\t\t\t<\/div>\n\n","protected":false},"excerpt":{"rendered":"<p>Durante la ma\u00f1ana del s\u00e1bado 24 de julio se llev\u00f3 a cabo el \u00bb 3\u00b0 Encuentro del Equipo de Conducci\u00f3n Pastoral\u00bb, en donde participaron los delegados y miembros de las&hellip;<\/p>\n","protected":false},"author":1,"featured_media":5584,"comment_status":"closed","ping_status":"open","sticky":false,"template":"","format":"standard","meta":[],"categories":[8],"tags":[],"_links":{"self":[{"href":"https:\/\/obispadosanfelipe.cl\/2020\/wp-json\/wp\/v2\/posts\/5583"}],"collection":[{"href":"https:\/\/obispadosanfelipe.cl\/2020\/wp-json\/wp\/v2\/posts"}],"about":[{"href":"https:\/\/obispadosanfelipe.cl\/2020\/wp-json\/wp\/v2\/types\/post"}],"author":[{"embeddable":true,"href":"https:\/\/obispadosanfelipe.cl\/2020\/wp-json\/wp\/v2\/users\/1"}],"replies":[{"embeddable":true,"href":"https:\/\/obispadosanfelipe.cl\/2020\/wp-json\/wp\/v2\/comments?post=5583"}],"version-history":[{"count":1,"href":"https:\/\/obispadosanfelipe.cl\/2020\/wp-json\/wp\/v2\/posts\/5583\/revisions"}],"predecessor-version":[{"id":5589,"href":"https:\/\/obispadosanfelipe.cl\/2020\/wp-json\/wp\/v2\/posts\/5583\/revisions\/5589"}],"wp:featuredmedia":[{"embeddable":true,"href":"https:\/\/obispadosanfelipe.cl\/2020\/wp-json\/wp\/v2\/media\/5584"}],"wp:attachment":[{"href":"https:\/\/obispadosanfelipe.cl\/2020\/wp-json\/wp\/v2\/media?parent=5583"}],"wp:term":[{"taxonomy":"category","embeddable":true,"href":"https:\/\/obispadosanfelipe.cl\/2020\/wp-json\/wp\/v2\/categories?post=5583"},{"taxonomy":"post_tag","embeddable":true,"href":"https:\/\/obispadosanfelipe.cl\/2020\/wp-json\/wp\/v2\/tags?post=5583"}],"curies":[{"name":"wp","href":"https:\/\/api.w.org\/{rel}","templated":true}]}}