{"id":5590,"date":"2021-07-29T02:39:31","date_gmt":"2021-07-29T02:39:31","guid":{"rendered":"https:\/\/obispadosanfelipe.cl\/2020\/?p=5590"},"modified":"2021-07-30T03:24:28","modified_gmt":"2021-07-30T03:24:28","slug":"parroquia-andacollo-san-felipe-realiza-visita-a-la-feria-mayorista-de-san-felipe","status":"publish","type":"post","link":"https:\/\/obispadosanfelipe.cl\/2020\/parroquia-andacollo-san-felipe-realiza-visita-a-la-feria-mayorista-de-san-felipe\/","title":{"rendered":"Parroquia Andacollo San Felipe realiza visita a la feria mayorista"},"content":{"rendered":"<p>Este d\u00eda jueves 29 de julio, servidores del comedor solidario de Parroquia Andacollo, tuvieron una nueva visita a la feria mayorista que se realiza en el sector de hacienda de Quilpu\u00e9, acompa\u00f1ada de su patrona la imagen de la Virgen de Andacollo.<\/p>\n<p>&nbsp;<\/p>\n<p>Recordar que la visita de la virgen a este sector, es recurrente, ya que en un sentir de agradecimiento, los servidores del comedor llevan la imagen de nuestra Madre, ante los feriantes que con generosidad son colaboradores importantes de esta gran obra solidaria del comedor. Donde aprovechan de poner sus intenciones ante la virgen como el agradecer por su intercesi\u00f3n.<\/p>\n<p>&nbsp;<\/p>\n<p>Cabe destacar de estas instancias, es que en cada visita que se realiza, el cami\u00f3n que transporta a la virgen, en su regreso a la parroquia, llega acompa\u00f1ada de frutas y verduras hasta su tope por la cooperaci\u00f3n de los fieles comerciantes y su generosidad que aportan para el comedor.<\/p>\n<p>Desde la comunidad parroquial agradecen a la AFEMA por su toda la ayuda entregada, a sus feriantes, sabiendo la gran crisis sanitaria y econ\u00f3mica que enfrenta el pa\u00eds, el cari\u00f1o y devoci\u00f3n hacia su madre de Andacollo ha sido indispensable, a tal grado que al comedor solidario nunca le ha faltado alimentos en sus despensas para entregar a quienes m\u00e1s los necesitan, valorando entre otros, el gran aporte que realizan los hermanos y hermanas feriantes de la feria mayorista de San Felipe.<\/p>\n<p>&nbsp;<\/p>\n<p>&nbsp;<\/p>\n<p>&nbsp;<\/p>\n<p><img loading=\"lazy\" class=\"size-medium wp-image-5592 alignleft\" src=\"https:\/\/obispadosanfelipe.cl\/2020\/wp-content\/uploads\/2021\/07\/226623586_346565286995822_1256673893877074210_n-240x300.jpg\" alt=\"\" width=\"240\" height=\"300\" srcset=\"https:\/\/obispadosanfelipe.cl\/2020\/wp-content\/uploads\/2021\/07\/226623586_346565286995822_1256673893877074210_n-240x300.jpg 240w, https:\/\/obispadosanfelipe.cl\/2020\/wp-content\/uploads\/2021\/07\/226623586_346565286995822_1256673893877074210_n-819x1024.jpg 819w, https:\/\/obispadosanfelipe.cl\/2020\/wp-content\/uploads\/2021\/07\/226623586_346565286995822_1256673893877074210_n-768x960.jpg 768w, https:\/\/obispadosanfelipe.cl\/2020\/wp-content\/uploads\/2021\/07\/226623586_346565286995822_1256673893877074210_n.jpg 960w\" sizes=\"(max-width: 240px) 100vw, 240px\" \/> <img loading=\"lazy\" class=\"size-medium wp-image-5593 alignleft\" src=\"https:\/\/obispadosanfelipe.cl\/2020\/wp-content\/uploads\/2021\/07\/228207115_346565280329156_9063985862480537582_n-240x300.jpg\" alt=\"\" width=\"240\" height=\"300\" srcset=\"https:\/\/obispadosanfelipe.cl\/2020\/wp-content\/uploads\/2021\/07\/228207115_346565280329156_9063985862480537582_n-240x300.jpg 240w, https:\/\/obispadosanfelipe.cl\/2020\/wp-content\/uploads\/2021\/07\/228207115_346565280329156_9063985862480537582_n-819x1024.jpg 819w, https:\/\/obispadosanfelipe.cl\/2020\/wp-content\/uploads\/2021\/07\/228207115_346565280329156_9063985862480537582_n-768x960.jpg 768w, https:\/\/obispadosanfelipe.cl\/2020\/wp-content\/uploads\/2021\/07\/228207115_346565280329156_9063985862480537582_n.jpg 960w\" sizes=\"(max-width: 240px) 100vw, 240px\" \/> <img loading=\"lazy\" class=\"size-medium wp-image-5594 alignleft\" src=\"https:\/\/obispadosanfelipe.cl\/2020\/wp-content\/uploads\/2021\/07\/227295240_346565260329158_1951862513280755758_n-240x300.jpg\" alt=\"\" width=\"240\" height=\"300\" srcset=\"https:\/\/obispadosanfelipe.cl\/2020\/wp-content\/uploads\/2021\/07\/227295240_346565260329158_1951862513280755758_n-240x300.jpg 240w, https:\/\/obispadosanfelipe.cl\/2020\/wp-content\/uploads\/2021\/07\/227295240_346565260329158_1951862513280755758_n-819x1024.jpg 819w, https:\/\/obispadosanfelipe.cl\/2020\/wp-content\/uploads\/2021\/07\/227295240_346565260329158_1951862513280755758_n-768x960.jpg 768w, https:\/\/obispadosanfelipe.cl\/2020\/wp-content\/uploads\/2021\/07\/227295240_346565260329158_1951862513280755758_n.jpg 960w\" sizes=\"(max-width: 240px) 100vw, 240px\" \/> <img loading=\"lazy\" class=\"size-medium wp-image-5595 alignleft\" src=\"https:\/\/obispadosanfelipe.cl\/2020\/wp-content\/uploads\/2021\/07\/227711764_346565246995826_5504485363509697693_n-240x300.jpg\" alt=\"\" width=\"240\" height=\"300\" srcset=\"https:\/\/obispadosanfelipe.cl\/2020\/wp-content\/uploads\/2021\/07\/227711764_346565246995826_5504485363509697693_n-240x300.jpg 240w, https:\/\/obispadosanfelipe.cl\/2020\/wp-content\/uploads\/2021\/07\/227711764_346565246995826_5504485363509697693_n-819x1024.jpg 819w, https:\/\/obispadosanfelipe.cl\/2020\/wp-content\/uploads\/2021\/07\/227711764_346565246995826_5504485363509697693_n-768x960.jpg 768w, https:\/\/obispadosanfelipe.cl\/2020\/wp-content\/uploads\/2021\/07\/227711764_346565246995826_5504485363509697693_n.jpg 960w\" sizes=\"(max-width: 240px) 100vw, 240px\" \/> <img loading=\"lazy\" class=\"size-medium wp-image-5596 alignleft\" src=\"https:\/\/obispadosanfelipe.cl\/2020\/wp-content\/uploads\/2021\/07\/224126367_346565256995825_6356768371657291716_n-240x300.jpg\" alt=\"\" width=\"240\" height=\"300\" srcset=\"https:\/\/obispadosanfelipe.cl\/2020\/wp-content\/uploads\/2021\/07\/224126367_346565256995825_6356768371657291716_n-240x300.jpg 240w, https:\/\/obispadosanfelipe.cl\/2020\/wp-content\/uploads\/2021\/07\/224126367_346565256995825_6356768371657291716_n.jpg 720w\" sizes=\"(max-width: 240px) 100vw, 240px\" \/><\/p>\n","protected":false},"excerpt":{"rendered":"<p>Este d\u00eda jueves 29 de julio, servidores del comedor solidario de Parroquia Andacollo, tuvieron una nueva visita a la feria mayorista que se realiza en el sector de hacienda de&hellip;<\/p>\n","protected":false},"author":1,"featured_media":5591,"comment_status":"closed","ping_status":"open","sticky":false,"template":"","format":"standard","meta":[],"categories":[8],"tags":[],"_links":{"self":[{"href":"https:\/\/obispadosanfelipe.cl\/2020\/wp-json\/wp\/v2\/posts\/5590"}],"collection":[{"href":"https:\/\/obispadosanfelipe.cl\/2020\/wp-json\/wp\/v2\/posts"}],"about":[{"href":"https:\/\/obispadosanfelipe.cl\/2020\/wp-json\/wp\/v2\/types\/post"}],"author":[{"embeddable":true,"href":"https:\/\/obispadosanfelipe.cl\/2020\/wp-json\/wp\/v2\/users\/1"}],"replies":[{"embeddable":true,"href":"https:\/\/obispadosanfelipe.cl\/2020\/wp-json\/wp\/v2\/comments?post=5590"}],"version-history":[{"count":2,"href":"https:\/\/obispadosanfelipe.cl\/2020\/wp-json\/wp\/v2\/posts\/5590\/revisions"}],"predecessor-version":[{"id":5598,"href":"https:\/\/obispadosanfelipe.cl\/2020\/wp-json\/wp\/v2\/posts\/5590\/revisions\/5598"}],"wp:featuredmedia":[{"embeddable":true,"href":"https:\/\/obispadosanfelipe.cl\/2020\/wp-json\/wp\/v2\/media\/5591"}],"wp:attachment":[{"href":"https:\/\/obispadosanfelipe.cl\/2020\/wp-json\/wp\/v2\/media?parent=5590"}],"wp:term":[{"taxonomy":"category","embeddable":true,"href":"https:\/\/obispadosanfelipe.cl\/2020\/wp-json\/wp\/v2\/categories?post=5590"},{"taxonomy":"post_tag","embeddable":true,"href":"https:\/\/obispadosanfelipe.cl\/2020\/wp-json\/wp\/v2\/tags?post=5590"}],"curies":[{"name":"wp","href":"https:\/\/api.w.org\/{rel}","templated":true}]}}