{"id":5614,"date":"2021-07-28T03:12:04","date_gmt":"2021-07-28T03:12:04","guid":{"rendered":"https:\/\/obispadosanfelipe.cl\/2020\/?p=5614"},"modified":"2021-07-30T03:14:17","modified_gmt":"2021-07-30T03:14:17","slug":"internos-del-centro-de-cumplimiento-penitenciario-ccp-que-se-encuentra-en-san-felipe-comenzaron-su-preparacion-a-los-sacramentos","status":"publish","type":"post","link":"https:\/\/obispadosanfelipe.cl\/2020\/internos-del-centro-de-cumplimiento-penitenciario-ccp-que-se-encuentra-en-san-felipe-comenzaron-su-preparacion-a-los-sacramentos\/","title":{"rendered":"Internos del Centro de Cumplimiento Penitenciario (CCP) que se encuentra en San Felipe comenzaron su preparaci\u00f3n a los sacramentos"},"content":{"rendered":"<p>Este mi\u00e9rcoles 28 de julio, internos del Centro de Cumplimiento Penitenciario (CCP) que se encuentra en San Felipe comenzaron su preparaci\u00f3n a los sacramentos.<\/p>\n<p>&nbsp;<\/p>\n<p>Para la iniciaci\u00f3n de este proceso formativo, la pastoral social de la di\u00f3cesis junto a su delegado el Padre Claudio Acevedo, prepararon una Eucarist\u00eda, en la que los internos reafirmaron su compromiso a vivir este proceso el que ser\u00e1 animado y acompa\u00f1ado por la Sra. Silvia Aguilera, integrante del equipo de la pastoral social diocesana.<\/p>\n<p>&nbsp;<\/p>\n\n\t\t\t<style type='text\/css'>\n\t\t\t\t#gallery-1 {\n\t\t\t\t\tmargin: auto;\n\t\t\t\t}\n\t\t\t\t#gallery-1 .gallery-item {\n\t\t\t\t\tfloat: left;\n\t\t\t\t\tmargin-top: 10px;\n\t\t\t\t\ttext-align: center;\n\t\t\t\t\twidth: 50%;\n\t\t\t\t}\n\t\t\t\t#gallery-1 img {\n\t\t\t\t\tborder: 2px solid #cfcfcf;\n\t\t\t\t}\n\t\t\t\t#gallery-1 .gallery-caption {\n\t\t\t\t\tmargin-left: 0;\n\t\t\t\t}\n\t\t\t\t\/* see gallery_shortcode() in wp-includes\/media.php *\/\n\t\t\t<\/style>\n\t\t<div id='gallery-1' class='dt-gallery-container gallery galleryid-5614 gallery-columns-2 gallery-size-medium'><dl class='gallery-item'>\n\t\t\t\t<dt class='gallery-icon landscape'>\n\t\t\t\t\t<a class=\"rollover\" href='https:\/\/obispadosanfelipe.cl\/2020\/internos-del-centro-de-cumplimiento-penitenciario-ccp-que-se-encuentra-en-san-felipe-comenzaron-su-preparacion-a-los-sacramentos\/222733603_346597186992632_8113888741178895236_n\/'><img width=\"300\" height=\"169\" src=\"https:\/\/obispadosanfelipe.cl\/2020\/wp-content\/uploads\/2021\/07\/222733603_346597186992632_8113888741178895236_n-300x169.jpg\" class=\"attachment-medium size-medium\" alt=\"\" loading=\"lazy\" srcset=\"https:\/\/obispadosanfelipe.cl\/2020\/wp-content\/uploads\/2021\/07\/222733603_346597186992632_8113888741178895236_n-300x169.jpg 300w, https:\/\/obispadosanfelipe.cl\/2020\/wp-content\/uploads\/2021\/07\/222733603_346597186992632_8113888741178895236_n-768x432.jpg 768w, https:\/\/obispadosanfelipe.cl\/2020\/wp-content\/uploads\/2021\/07\/222733603_346597186992632_8113888741178895236_n.jpg 1024w\" sizes=\"(max-width: 300px) 100vw, 300px\" \/><\/a>\n\t\t\t\t<\/dt><\/dl><dl class='gallery-item'>\n\t\t\t\t<dt class='gallery-icon landscape'>\n\t\t\t\t\t<a class=\"rollover\" href='https:\/\/obispadosanfelipe.cl\/2020\/internos-del-centro-de-cumplimiento-penitenciario-ccp-que-se-encuentra-en-san-felipe-comenzaron-su-preparacion-a-los-sacramentos\/221626472_346597200325964_3174974569499819143_n\/'><img width=\"300\" height=\"169\" src=\"https:\/\/obispadosanfelipe.cl\/2020\/wp-content\/uploads\/2021\/07\/221626472_346597200325964_3174974569499819143_n-300x169.jpg\" class=\"attachment-medium size-medium\" alt=\"\" loading=\"lazy\" srcset=\"https:\/\/obispadosanfelipe.cl\/2020\/wp-content\/uploads\/2021\/07\/221626472_346597200325964_3174974569499819143_n-300x169.jpg 300w, https:\/\/obispadosanfelipe.cl\/2020\/wp-content\/uploads\/2021\/07\/221626472_346597200325964_3174974569499819143_n-768x432.jpg 768w, https:\/\/obispadosanfelipe.cl\/2020\/wp-content\/uploads\/2021\/07\/221626472_346597200325964_3174974569499819143_n.jpg 1024w\" sizes=\"(max-width: 300px) 100vw, 300px\" \/><\/a>\n\t\t\t\t<\/dt><\/dl><br style=\"clear: both\" \/><dl class='gallery-item'>\n\t\t\t\t<dt class='gallery-icon landscape'>\n\t\t\t\t\t<a class=\"rollover\" href='https:\/\/obispadosanfelipe.cl\/2020\/internos-del-centro-de-cumplimiento-penitenciario-ccp-que-se-encuentra-en-san-felipe-comenzaron-su-preparacion-a-los-sacramentos\/217583106_346597206992630_408328622985755005_n\/'><img width=\"300\" height=\"169\" src=\"https:\/\/obispadosanfelipe.cl\/2020\/wp-content\/uploads\/2021\/07\/217583106_346597206992630_408328622985755005_n-300x169.jpg\" class=\"attachment-medium size-medium\" alt=\"\" loading=\"lazy\" srcset=\"https:\/\/obispadosanfelipe.cl\/2020\/wp-content\/uploads\/2021\/07\/217583106_346597206992630_408328622985755005_n-300x169.jpg 300w, https:\/\/obispadosanfelipe.cl\/2020\/wp-content\/uploads\/2021\/07\/217583106_346597206992630_408328622985755005_n-768x432.jpg 768w, https:\/\/obispadosanfelipe.cl\/2020\/wp-content\/uploads\/2021\/07\/217583106_346597206992630_408328622985755005_n.jpg 1024w\" sizes=\"(max-width: 300px) 100vw, 300px\" \/><\/a>\n\t\t\t\t<\/dt><\/dl><dl class='gallery-item'>\n\t\t\t\t<dt class='gallery-icon landscape'>\n\t\t\t\t\t<a class=\"rollover\" href='https:\/\/obispadosanfelipe.cl\/2020\/internos-del-centro-de-cumplimiento-penitenciario-ccp-que-se-encuentra-en-san-felipe-comenzaron-su-preparacion-a-los-sacramentos\/220772903_346597210325963_6936004028617082584_n\/'><img width=\"300\" height=\"169\" src=\"https:\/\/obispadosanfelipe.cl\/2020\/wp-content\/uploads\/2021\/07\/220772903_346597210325963_6936004028617082584_n-300x169.jpg\" class=\"attachment-medium size-medium\" alt=\"\" loading=\"lazy\" srcset=\"https:\/\/obispadosanfelipe.cl\/2020\/wp-content\/uploads\/2021\/07\/220772903_346597210325963_6936004028617082584_n-300x169.jpg 300w, https:\/\/obispadosanfelipe.cl\/2020\/wp-content\/uploads\/2021\/07\/220772903_346597210325963_6936004028617082584_n-768x432.jpg 768w, https:\/\/obispadosanfelipe.cl\/2020\/wp-content\/uploads\/2021\/07\/220772903_346597210325963_6936004028617082584_n.jpg 1024w\" sizes=\"(max-width: 300px) 100vw, 300px\" \/><\/a>\n\t\t\t\t<\/dt><\/dl><br style=\"clear: both\" \/><dl class='gallery-item'>\n\t\t\t\t<dt class='gallery-icon landscape'>\n\t\t\t\t\t<a class=\"rollover\" href='https:\/\/obispadosanfelipe.cl\/2020\/internos-del-centro-de-cumplimiento-penitenciario-ccp-que-se-encuentra-en-san-felipe-comenzaron-su-preparacion-a-los-sacramentos\/218165677_346597196992631_6863869043660773553_n\/'><img width=\"300\" height=\"169\" src=\"https:\/\/obispadosanfelipe.cl\/2020\/wp-content\/uploads\/2021\/07\/218165677_346597196992631_6863869043660773553_n-300x169.jpg\" class=\"attachment-medium size-medium\" alt=\"\" loading=\"lazy\" srcset=\"https:\/\/obispadosanfelipe.cl\/2020\/wp-content\/uploads\/2021\/07\/218165677_346597196992631_6863869043660773553_n-300x169.jpg 300w, https:\/\/obispadosanfelipe.cl\/2020\/wp-content\/uploads\/2021\/07\/218165677_346597196992631_6863869043660773553_n-768x432.jpg 768w, https:\/\/obispadosanfelipe.cl\/2020\/wp-content\/uploads\/2021\/07\/218165677_346597196992631_6863869043660773553_n.jpg 1024w\" sizes=\"(max-width: 300px) 100vw, 300px\" \/><\/a>\n\t\t\t\t<\/dt><\/dl>\n\t\t\t\t<br style='clear: both' \/>\n\t\t\t<\/div>\n\n","protected":false},"excerpt":{"rendered":"<p>Este mi\u00e9rcoles 28 de julio, internos del Centro de Cumplimiento Penitenciario (CCP) que se encuentra en San Felipe comenzaron su preparaci\u00f3n a los sacramentos. &nbsp; Para la iniciaci\u00f3n de este&hellip;<\/p>\n","protected":false},"author":1,"featured_media":5620,"comment_status":"closed","ping_status":"open","sticky":false,"template":"","format":"standard","meta":[],"categories":[8],"tags":[],"_links":{"self":[{"href":"https:\/\/obispadosanfelipe.cl\/2020\/wp-json\/wp\/v2\/posts\/5614"}],"collection":[{"href":"https:\/\/obispadosanfelipe.cl\/2020\/wp-json\/wp\/v2\/posts"}],"about":[{"href":"https:\/\/obispadosanfelipe.cl\/2020\/wp-json\/wp\/v2\/types\/post"}],"author":[{"embeddable":true,"href":"https:\/\/obispadosanfelipe.cl\/2020\/wp-json\/wp\/v2\/users\/1"}],"replies":[{"embeddable":true,"href":"https:\/\/obispadosanfelipe.cl\/2020\/wp-json\/wp\/v2\/comments?post=5614"}],"version-history":[{"count":1,"href":"https:\/\/obispadosanfelipe.cl\/2020\/wp-json\/wp\/v2\/posts\/5614\/revisions"}],"predecessor-version":[{"id":5621,"href":"https:\/\/obispadosanfelipe.cl\/2020\/wp-json\/wp\/v2\/posts\/5614\/revisions\/5621"}],"wp:featuredmedia":[{"embeddable":true,"href":"https:\/\/obispadosanfelipe.cl\/2020\/wp-json\/wp\/v2\/media\/5620"}],"wp:attachment":[{"href":"https:\/\/obispadosanfelipe.cl\/2020\/wp-json\/wp\/v2\/media?parent=5614"}],"wp:term":[{"taxonomy":"category","embeddable":true,"href":"https:\/\/obispadosanfelipe.cl\/2020\/wp-json\/wp\/v2\/categories?post=5614"},{"taxonomy":"post_tag","embeddable":true,"href":"https:\/\/obispadosanfelipe.cl\/2020\/wp-json\/wp\/v2\/tags?post=5614"}],"curies":[{"name":"wp","href":"https:\/\/api.w.org\/{rel}","templated":true}]}}