{"id":5736,"date":"2021-08-12T14:12:07","date_gmt":"2021-08-12T14:12:07","guid":{"rendered":"https:\/\/obispadosanfelipe.cl\/2020\/?p=5736"},"modified":"2021-08-12T14:14:13","modified_gmt":"2021-08-12T14:14:13","slug":"celebracion-primer-aniversario-episcopal-del-p-gonzalo-bravo-alvarez","status":"publish","type":"post","link":"https:\/\/obispadosanfelipe.cl\/2020\/celebracion-primer-aniversario-episcopal-del-p-gonzalo-bravo-alvarez\/","title":{"rendered":"Celebraci\u00f3n Primer aniversario episcopal del P. Gonzalo Bravo \u00c1lvarez."},"content":{"rendered":"<p>Queremos invitarlos a participar de la Misa de Acci\u00f3n de Gracias por el primer aniversario episcopal de nuestro querido P. Gonzalo Bravo \u00c1lvarez.<\/p>\n<p>La misa se realizara cumpliendo todas las exigencias dadas por la autoridad sanitaria, es por eso que para poder asistir se solicitar\u00e1 portar el #PasedeMovilidad<\/p>\n<p>La misa ser\u00e1 transmitida por el Facebook de Comunicaciones Obispado de San Felipe.<\/p>\n<p>\u00a1Nos encontramos el domingo 15 de agosto a las 17:00 horas!<\/p>\n","protected":false},"excerpt":{"rendered":"<p>Queremos invitarlos a participar de la Misa de Acci\u00f3n de Gracias por el primer aniversario episcopal de nuestro querido P. Gonzalo Bravo \u00c1lvarez. La misa se realizara cumpliendo todas las&hellip;<\/p>\n","protected":false},"author":1,"featured_media":5737,"comment_status":"closed","ping_status":"open","sticky":false,"template":"","format":"standard","meta":[],"categories":[8,4],"tags":[],"_links":{"self":[{"href":"https:\/\/obispadosanfelipe.cl\/2020\/wp-json\/wp\/v2\/posts\/5736"}],"collection":[{"href":"https:\/\/obispadosanfelipe.cl\/2020\/wp-json\/wp\/v2\/posts"}],"about":[{"href":"https:\/\/obispadosanfelipe.cl\/2020\/wp-json\/wp\/v2\/types\/post"}],"author":[{"embeddable":true,"href":"https:\/\/obispadosanfelipe.cl\/2020\/wp-json\/wp\/v2\/users\/1"}],"replies":[{"embeddable":true,"href":"https:\/\/obispadosanfelipe.cl\/2020\/wp-json\/wp\/v2\/comments?post=5736"}],"version-history":[{"count":1,"href":"https:\/\/obispadosanfelipe.cl\/2020\/wp-json\/wp\/v2\/posts\/5736\/revisions"}],"predecessor-version":[{"id":5738,"href":"https:\/\/obispadosanfelipe.cl\/2020\/wp-json\/wp\/v2\/posts\/5736\/revisions\/5738"}],"wp:featuredmedia":[{"embeddable":true,"href":"https:\/\/obispadosanfelipe.cl\/2020\/wp-json\/wp\/v2\/media\/5737"}],"wp:attachment":[{"href":"https:\/\/obispadosanfelipe.cl\/2020\/wp-json\/wp\/v2\/media?parent=5736"}],"wp:term":[{"taxonomy":"category","embeddable":true,"href":"https:\/\/obispadosanfelipe.cl\/2020\/wp-json\/wp\/v2\/categories?post=5736"},{"taxonomy":"post_tag","embeddable":true,"href":"https:\/\/obispadosanfelipe.cl\/2020\/wp-json\/wp\/v2\/tags?post=5736"}],"curies":[{"name":"wp","href":"https:\/\/api.w.org\/{rel}","templated":true}]}}