{"id":5829,"date":"2021-08-16T14:36:11","date_gmt":"2021-08-16T14:36:11","guid":{"rendered":"https:\/\/obispadosanfelipe.cl\/2020\/?p=5829"},"modified":"2021-08-16T19:50:19","modified_gmt":"2021-08-16T19:50:19","slug":"saludo-del-padre-fabian-castro-marchant-vicario-general-al-padre-gonzalo-por-su-primer-aniversario-episcopal","status":"publish","type":"post","link":"https:\/\/obispadosanfelipe.cl\/2020\/saludo-del-padre-fabian-castro-marchant-vicario-general-al-padre-gonzalo-por-su-primer-aniversario-episcopal\/","title":{"rendered":"Saludo del Padre Fabi\u00e1n Castro Marchant, vicario General, al Padre Gonzalo por su primer aniversario Episcopal"},"content":{"rendered":"<p>Estimado Monse\u00f1or Gonzalo Bravo \u00c1lvarez<\/p>\n<p>Obispo de San Felipe<\/p>\n<p>En este d\u00eda de alegr\u00eda y esperanza, reciba mi saludo. Nos hemos congregado en uno de los centros espirituales de Chile, el Santuario de nuestra Se\u00f1ora del Carmen, en donde reposan las reliquias de nuestra querida Santa Teresita de los Andes, primera Santa chilena, y santa diocesana, a dar gracias a DIOS por un a\u00f1o de su consagraci\u00f3n episcopal.<\/p>\n<p>&nbsp;<\/p>\n<p>Me recuerdo, antes de que su persona fuera electa obispo de San Felipe, c\u00f3mo las comunidades cat\u00f3licas de toda la di\u00f3cesis, clamaban por un nuevo Obispo. Era notable y pintoresco, escuchar ciertas oraciones y s\u00faplicas, anhelos y esperanzas del pueblo, que ped\u00eda un obispo con caracter\u00edsticas casi ang\u00e9licas, m\u00e1s de arriba que de abajo, provisto de toda clase de bienes espirituales y materiales, \u00a1tremendo anhelo! \u00a1Qui\u00e9n imaginar\u00eda, que aqu\u00e9l sacerdote biblista, p\u00e1rroco de la legendaria <em>Matriz de Valpara\u00edso<\/em>, m\u00e1s dado a la liturgia de la humildad de los marginados que comparten el pan de la pobreza en el comedor de dicha parroquia, y que, con sendas palabras nos instruy\u00f3, al presbiterio, en el retiro de 2020, ser\u00eda nuestro Obispo!<\/p>\n<p>&nbsp;<\/p>\n<p>Usted mismo, en dicho retiro, habl\u00f3 sobre la persona del Obispo que deb\u00eda llegar, y en el mismo retiro nos dijo: <em>\u201cEl ESP\u00cdRITU SANTO es el gran escultor de nuestras vidas en el caminar que DIOS nos ha propuesto. Aun en medio de nuestras debilidades el Se\u00f1or nos sigue creando, buscando que nos convirtamos<\/em>\u201d. Y es esto, Monse\u00f1or y pueblo fiel, lo que hoy quiero hacer notar: ante los anhelos del pueblo, ante el devenir del mundo, en medio del cambio de marea, DIOS lo env\u00edo a usted, Gonzalo Arturo Obispo Bravo \u00c1lvarez, a pastorear esta querida Di\u00f3cesis de san Felipe; DIOS env\u00eda a quien \u00c9L quiere, y no al que nosotros queramos, esa no ser\u00eda la Iglesia Cat\u00f3lica, no ser\u00eda la verdadera Iglesia, ya que \u00c9L conoce mejor los corazones de sus fieles. Y ha llegado cuando todo cambia, en media de la pandemia, en medio del cambio de \u00e9poca, cuando todas aquellas estructuras que el hombre y la mujer cre\u00edan s\u00f3lidas, se desvanecen y perecen, en este tiempo, DIOS le pide ser y realizar un verdadero Kair\u00f3s, para ser ep\u00edscopo, vig\u00eda y pastor de la fe de este pueblo diocesano, que a veces es fiel y\u00a0 a veces ap\u00f3stata, sabio e insensato, solidario y ego\u00edsta, ferviente y pagano, en fin, nada menos que todo el reba\u00f1o que DIOS le entreg\u00f3 como grey.<\/p>\n<p>&nbsp;<\/p>\n<p>Y ahora me dirijo al Pueblo de DIOS aqu\u00ed reunido, pastores y fieles: el obispo, su acci\u00f3n apost\u00f3lica, su pastoreo, su gobierno, est\u00e1 unido intr\u00ednsecamente a su reba\u00f1o, como\u00a0 lo est\u00e1 el alma al cuerpo; ser\u00e1 lo que ser\u00e1, seg\u00fan su entrega y nuestra respuesta. M\u00e1s que nunca la Iglesia y los sucesores de los ap\u00f3stoles, necesitan de nosotros. El fracaso o la victoria de un pastor, es el fracaso o la victoria de una comunidad, por eso, debemos ser un pueblo, una di\u00f3cesis, uno con el obispo, a pesar de nuestras naturales diferencias y deficiencias, para que, con humildad y siempre previendo el bien mayor de la comunidad, dejemos atr\u00e1s, como nos ped\u00eda el Santo Padre en la Bula de nuestro obispo, todas aquellas obras de las tinieblas, que son propias del hombre viejo y, junto a este hombre que DIOS nos envi\u00f3, levantemos nuestro ser a veces cansado y humillado, derrotado e impuro y miremos adelante, porque sabemos en que terminar\u00e1 todo: JES\u00daS ha vencido y nos quiere salvar, es a \u00c9L a quien debemos predicar y anunciar y \u00c9L,\u00a0 en la otra orilla, en la Tierra Prometida nos espera.<\/p>\n<p>&nbsp;<\/p>\n<p>\u00a1Felicidades, parabienes y mucha efusi\u00f3n del ESP\u00cdRITU para nuestro Obispo y por lo tanto, para todos nosotros! Gracias.<\/p>\n<p>&nbsp;<\/p>\n<p>Atentamente<\/p>\n<p>&nbsp;<\/p>\n<p>Fabi\u00e1n Rafael presb\u00edtero Castro Marchant<\/p>\n","protected":false},"excerpt":{"rendered":"<p>Estimado Monse\u00f1or Gonzalo Bravo \u00c1lvarez Obispo de San Felipe En este d\u00eda de alegr\u00eda y esperanza, reciba mi saludo. Nos hemos congregado en uno de los centros espirituales de Chile,&hellip;<\/p>\n","protected":false},"author":1,"featured_media":5832,"comment_status":"closed","ping_status":"open","sticky":false,"template":"","format":"standard","meta":[],"categories":[5,8,4],"tags":[],"_links":{"self":[{"href":"https:\/\/obispadosanfelipe.cl\/2020\/wp-json\/wp\/v2\/posts\/5829"}],"collection":[{"href":"https:\/\/obispadosanfelipe.cl\/2020\/wp-json\/wp\/v2\/posts"}],"about":[{"href":"https:\/\/obispadosanfelipe.cl\/2020\/wp-json\/wp\/v2\/types\/post"}],"author":[{"embeddable":true,"href":"https:\/\/obispadosanfelipe.cl\/2020\/wp-json\/wp\/v2\/users\/1"}],"replies":[{"embeddable":true,"href":"https:\/\/obispadosanfelipe.cl\/2020\/wp-json\/wp\/v2\/comments?post=5829"}],"version-history":[{"count":1,"href":"https:\/\/obispadosanfelipe.cl\/2020\/wp-json\/wp\/v2\/posts\/5829\/revisions"}],"predecessor-version":[{"id":5831,"href":"https:\/\/obispadosanfelipe.cl\/2020\/wp-json\/wp\/v2\/posts\/5829\/revisions\/5831"}],"wp:featuredmedia":[{"embeddable":true,"href":"https:\/\/obispadosanfelipe.cl\/2020\/wp-json\/wp\/v2\/media\/5832"}],"wp:attachment":[{"href":"https:\/\/obispadosanfelipe.cl\/2020\/wp-json\/wp\/v2\/media?parent=5829"}],"wp:term":[{"taxonomy":"category","embeddable":true,"href":"https:\/\/obispadosanfelipe.cl\/2020\/wp-json\/wp\/v2\/categories?post=5829"},{"taxonomy":"post_tag","embeddable":true,"href":"https:\/\/obispadosanfelipe.cl\/2020\/wp-json\/wp\/v2\/tags?post=5829"}],"curies":[{"name":"wp","href":"https:\/\/api.w.org\/{rel}","templated":true}]}}