{"id":5891,"date":"2021-08-20T16:31:11","date_gmt":"2021-08-20T16:31:11","guid":{"rendered":"https:\/\/obispadosanfelipe.cl\/2020\/?p=5891"},"modified":"2021-08-20T18:50:23","modified_gmt":"2021-08-20T18:50:23","slug":"nuevo-curso-para-el-diaconado-permanente","status":"publish","type":"post","link":"https:\/\/obispadosanfelipe.cl\/2020\/nuevo-curso-para-el-diaconado-permanente\/","title":{"rendered":"Nuevo curso diocesano para formar a laicos para el Diaconado Permanente"},"content":{"rendered":"<p>El d\u00eda de hoy, viernes 20 de agosto, el P. Gonzalo Bravo, dio a conocer una maravillosa noticia para toda nuestra Iglesia Diocesana, la apertura de una nuevo curso para formar a laicos de nuestras comunidades para el Diaconado Permanente, este espacio se abre como una verdadera expresi\u00f3n de comuni\u00f3n eclesial.<\/p>\n<p>Les compartimos la carta que nos ha enviado nuestro obispo, para anunciar esta noticia.<\/p>\n<p>&nbsp;<\/p>\n<p style=\"text-align: center;\">A TODOS LOS PARROCOS, DI\u00c1CONOS, CONSAGRADAS Y CONSAGRADOS, MOVIMIENTOS DE ESPIRITUALIDAD, COMUNIDADES CRISTIANAS, COMUNIDADES PARROQUIALES Y PERSONAS DE BUENA VOLUNTAD DE LA DIOCESIS DE SAN FELIPE<\/p>\n<p><strong>\u00a0<\/strong><\/p>\n<p><strong>Queridos hermanos y hermanas:<\/strong><\/p>\n<p>Reciban mi saludo cercano y mi deseo que todos est\u00e9n muy bien, cuid\u00e1ndose en este tiempo tan especial que nos ha tocado experimentar. Mi saludo tambi\u00e9n para sus familias.<\/p>\n<p>Les escribo para darles una maravillosa noticia como expresi\u00f3n de comuni\u00f3n eclesial. Despu\u00e9s de un importante per\u00edodo de oraci\u00f3n, di\u00e1logo e intercambio en la vida pastoral, el Consejo de Gobierno ha aprobado la <strong>apertura y realizaci\u00f3n de un nuevo curso para formar a laicos de nuestras comunidades para el Diaconado Permanente (DP), <\/strong>con el objeto de renovar las fuerzas para atender mejor la vida de nuestras comunidades, de acuerdo a las m\u00faltiples necesidades que se van originando en el quehacer pastoral cotidiano.<\/p>\n<p><strong>La nueva Escuela del DP (EDP) <\/strong>iniciar\u00e1 su trabajo desde ahora, dise\u00f1ando la forma de implementar del mejor modo posible una formaci\u00f3n sistem\u00e1tica, que atienda al crecimiento del futuro di\u00e1cono, su esposa y su familia. Creemos, asimismo, que esa formaci\u00f3n ha de ser asumida con responsabilidad, por lo que le pediremos a un grupo de hermanos, laicos, religiosas, di\u00e1conos permanentes y sacerdotes que, desde su experiencia y competencia, colaboren directamente con este nuevo proceso formativo que iniciaremos.<\/p>\n<p>De hecho, el camino inicial que se ha dise\u00f1ado comienza con el <strong>proceso de selecci\u00f3n <\/strong>y queremos que se d\u00e9 en las siguientes fechas:<\/p>\n<p><strong>1\u00ba) Per\u00edodo de Discernimiento de la comunidad parroquial: septiembre \u2013 noviembre de 2021<\/strong><\/p>\n<p>Este es un per\u00edodo de oraci\u00f3n, di\u00e1logo y discernimiento de la comunidad parroquial, en la que el p\u00e1rroco junto a los laicos que trabajan all\u00ed vayan viendo cu\u00e1l (o cu\u00e1les) son las personas que podr\u00edan servir en el ministerio ordenado, de un modo m\u00e1s comprometido con la vida eclesial. Asimismo, en el primer momento, y con la anuencia del candidato, se cuente a la comunidad (durante un mes) que \u00e9l ha sido propuesto para integrar el diaconado permanente. (Se publican lo que se denomina \u2018las proclamas\u2019). La consulta se hace desde las instancias pastorales.<\/p>\n<p><strong>2\u00ba) Presentaci\u00f3n de los candidatos: Hasta el 1 de diciembre de 2021<\/strong><\/p>\n<p>Mediante una carta formal, el Consejo de Pastoral Parroquial (CPP) junto a su p\u00e1rroco presenta al Pastor Diocesano al\/los candidato\/os.<\/p>\n<p><strong>3\u00ba) Proceso de selecci\u00f3n de los candidatos (entrevistas a ellos y sus esposas): 1 de diciembre al 15 de enero de 2022.<\/strong><\/p>\n<p>En este lapso un equipo que acompa\u00f1ar\u00e1 al Director de la EDP (Di\u00e1cono Francisco Aravena) har\u00e1 un conjunto de entrevistas y\/o visitas a las familias de los candidatos para tener una visi\u00f3n un poco m\u00e1s acabada de la vida del candidato y su entorno. Aqu\u00ed tambi\u00e9n se consideran ex\u00e1menes psicol\u00f3gicos al candidato.<\/p>\n<p><strong>4\u00ba) Aceptaci\u00f3n y 1er Encuentro con los candidatos: 20 al 30 de enero de 2022.<\/strong><\/p>\n<p><strong>\u00a0<\/strong>A fin que lo anterior puede llevarse a cabo adecuadamente, quisiera que vivamos este proceso como un tiempo de oraci\u00f3n, di\u00e1logo y discernimiento cristiano para que ustedes, junto a su p\u00e1rroco, inicien un proceso de b\u00fasqueda de los laicos que ustedes crean que necesita nuestra Iglesia para un servicio m\u00e1s comprometido. As\u00ed, una vez que tengan algunos nombres, los presentan a la Comisi\u00f3n Responsable de este proceso formativo para que ella inicie la etapa de entrevistas para seleccionar a quienes ser\u00e1n los \u201calumnos\u201d de esta escuela que los preparar\u00e1 para el Diaconado Permanente.<\/p>\n<p>Finalmente, en el anexo que incorporo en esta carta, les menciono los requisitos b\u00e1sicos que han de tener quienes se incorporen a la Escuela de Diaconado Permanente en nuestra Di\u00f3cesis.<\/p>\n<p>Agradecido por la recepci\u00f3n a la presente, reciban mi saludo fraterno y mi bendici\u00f3n. En el Se\u00f1or,<\/p>\n<p>&nbsp;<\/p>\n<p>Gonzalo Bravo \u00c1lvarez<\/p>\n<p>Obispo de San Felipe de Aconcagua<\/p>\n<p>&nbsp;<\/p>\n<p>&nbsp;<\/p>\n<p>&nbsp;<\/p>\n<p><strong><u>ANEXO: REQUISITOS PARA LA POSTULACION<\/u><\/strong><\/p>\n<p><strong>\u00a0<\/strong><\/p>\n<p><strong>\u00a0<\/strong><strong>PERFIL DEL CANDIDATO<\/strong><\/p>\n<p>Las personas que sientan el llamado del Se\u00f1or a servir en un ministerio comunitario (el diaconado permanente), validado por la comunidad, adem\u00e1s de cumplir con una serie de requisitos descritos m\u00e1s adelante, deben ser propuestos por medio de un discernimiento comunitario, desde las necesidades vislumbradas por cada comunidad parroquial.<\/p>\n<p>&nbsp;<\/p>\n<ul>\n<li>Que el candidato tenga una experiencia de Dios seria, significativa e<\/li>\n<li>Tener una buena capacidad de di\u00e1logo y de trabajo en equipo; un car\u00e1cter estable, y madurez afectiva.\n<ul>\n<li>Tener buena salud f\u00edsica y mental, aptas para el ejercicio del<\/li>\n<li>tener una estable relaci\u00f3n matrimonial y familiar, que manifieste constantemente el amor consagrado en el matrimonio, as\u00ed como buena relaci\u00f3n y comunicaci\u00f3n con los hijos.<\/li>\n<li>Que sean esposos con una clara trayectoria religiosa y<\/li>\n<li>Contar con el consentimiento de la esposa y que los hijos puedan comprender, seg\u00fan su edad y capacidad, el servicio que se solicitar\u00e1 a su<\/li>\n<li>Tener una vida de oraci\u00f3n, gusto por la Palabra de Dios, la eucarist\u00eda y el sacramento del perd\u00f3n.<\/li>\n<li>Que ejercen o han ejercido satisfactoriamente servicios pastorales a nivel de parroquia, colegio, u otra unidad eclesial o de<\/li>\n<li>Tener m\u00e1s de 35 a\u00f1os de edad al momento de la ordenaci\u00f3n. Para aquellos que son casados, deben tener como m\u00ednimo 10 a\u00f1os de<\/li>\n<li>Tener la licencia de Educaci\u00f3n Media y aptitudes para iniciar un proceso de aprendizaje acad\u00e9mico.<\/li>\n<li>Ejercer cualquier actividad laboral o profesional que permita tener una situaci\u00f3n econ\u00f3mica solvente para proveer a sus necesidades y las de su familia, y estar afiliado a un sistema de salud y previsi\u00f3n social.<\/li>\n<li>Actitud de acoger la correcci\u00f3n fraterna, desde el Pueblo de Dios y desde aquellos que sirven al interior de las<\/li>\n<li>Tener Certificado de Antecedentes e Idoneidad para trabajar con ni\u00f1os.<\/li>\n<\/ul>\n<\/li>\n<\/ul>\n","protected":false},"excerpt":{"rendered":"<p>El d\u00eda de hoy, viernes 20 de agosto, el P. Gonzalo Bravo, dio a conocer una maravillosa noticia para toda nuestra Iglesia Diocesana, la apertura de una nuevo curso para&hellip;<\/p>\n","protected":false},"author":1,"featured_media":5892,"comment_status":"closed","ping_status":"open","sticky":false,"template":"","format":"standard","meta":[],"categories":[5,8,4],"tags":[],"_links":{"self":[{"href":"https:\/\/obispadosanfelipe.cl\/2020\/wp-json\/wp\/v2\/posts\/5891"}],"collection":[{"href":"https:\/\/obispadosanfelipe.cl\/2020\/wp-json\/wp\/v2\/posts"}],"about":[{"href":"https:\/\/obispadosanfelipe.cl\/2020\/wp-json\/wp\/v2\/types\/post"}],"author":[{"embeddable":true,"href":"https:\/\/obispadosanfelipe.cl\/2020\/wp-json\/wp\/v2\/users\/1"}],"replies":[{"embeddable":true,"href":"https:\/\/obispadosanfelipe.cl\/2020\/wp-json\/wp\/v2\/comments?post=5891"}],"version-history":[{"count":4,"href":"https:\/\/obispadosanfelipe.cl\/2020\/wp-json\/wp\/v2\/posts\/5891\/revisions"}],"predecessor-version":[{"id":5896,"href":"https:\/\/obispadosanfelipe.cl\/2020\/wp-json\/wp\/v2\/posts\/5891\/revisions\/5896"}],"wp:featuredmedia":[{"embeddable":true,"href":"https:\/\/obispadosanfelipe.cl\/2020\/wp-json\/wp\/v2\/media\/5892"}],"wp:attachment":[{"href":"https:\/\/obispadosanfelipe.cl\/2020\/wp-json\/wp\/v2\/media?parent=5891"}],"wp:term":[{"taxonomy":"category","embeddable":true,"href":"https:\/\/obispadosanfelipe.cl\/2020\/wp-json\/wp\/v2\/categories?post=5891"},{"taxonomy":"post_tag","embeddable":true,"href":"https:\/\/obispadosanfelipe.cl\/2020\/wp-json\/wp\/v2\/tags?post=5891"}],"curies":[{"name":"wp","href":"https:\/\/api.w.org\/{rel}","templated":true}]}}