{"id":5901,"date":"2021-08-23T15:30:10","date_gmt":"2021-08-23T15:30:10","guid":{"rendered":"https:\/\/obispadosanfelipe.cl\/2020\/?p=5901"},"modified":"2021-08-23T15:30:10","modified_gmt":"2021-08-23T15:30:10","slug":"funcionarios-del-obispado-de-san-felipe-fueron-capacitados-en-el-uso-y-manejo-de-extintores","status":"publish","type":"post","link":"https:\/\/obispadosanfelipe.cl\/2020\/funcionarios-del-obispado-de-san-felipe-fueron-capacitados-en-el-uso-y-manejo-de-extintores\/","title":{"rendered":"Funcionarios del Obispado de San Felipe fueron capacitados en el uso y manejo de Extintores"},"content":{"rendered":"<p>Trabajadores del Obispado fueron capacitados, en el d\u00eda lunes 23 de agosto, en Uso y Manejo de Extintores en una actividad liderada por el prevencionista de riesgos del IST Javier Carre\u00f1o.<\/p>\n<p>As\u00ed, los asistentes conocieron el correcto uso y manejo de extintores port\u00e1tiles, reconocieron los diversos m\u00e9todos de extinci\u00f3n y las clases de fuego.<\/p>\n<p>Para la actividad se utiliz\u00f3 como apoyo un extintor de PQS de 6Kg. a fin de que los trabajadores lograran identificar de forma l\u00fadica los pasos correctos en el uso de extintor y sus riesgos.<\/p>\n","protected":false},"excerpt":{"rendered":"<p>Trabajadores del Obispado fueron capacitados, en el d\u00eda lunes 23 de agosto, en Uso y Manejo de Extintores en una actividad liderada por el prevencionista de riesgos del IST Javier&hellip;<\/p>\n","protected":false},"author":1,"featured_media":5903,"comment_status":"closed","ping_status":"open","sticky":false,"template":"","format":"standard","meta":[],"categories":[8,4],"tags":[],"_links":{"self":[{"href":"https:\/\/obispadosanfelipe.cl\/2020\/wp-json\/wp\/v2\/posts\/5901"}],"collection":[{"href":"https:\/\/obispadosanfelipe.cl\/2020\/wp-json\/wp\/v2\/posts"}],"about":[{"href":"https:\/\/obispadosanfelipe.cl\/2020\/wp-json\/wp\/v2\/types\/post"}],"author":[{"embeddable":true,"href":"https:\/\/obispadosanfelipe.cl\/2020\/wp-json\/wp\/v2\/users\/1"}],"replies":[{"embeddable":true,"href":"https:\/\/obispadosanfelipe.cl\/2020\/wp-json\/wp\/v2\/comments?post=5901"}],"version-history":[{"count":1,"href":"https:\/\/obispadosanfelipe.cl\/2020\/wp-json\/wp\/v2\/posts\/5901\/revisions"}],"predecessor-version":[{"id":5904,"href":"https:\/\/obispadosanfelipe.cl\/2020\/wp-json\/wp\/v2\/posts\/5901\/revisions\/5904"}],"wp:featuredmedia":[{"embeddable":true,"href":"https:\/\/obispadosanfelipe.cl\/2020\/wp-json\/wp\/v2\/media\/5903"}],"wp:attachment":[{"href":"https:\/\/obispadosanfelipe.cl\/2020\/wp-json\/wp\/v2\/media?parent=5901"}],"wp:term":[{"taxonomy":"category","embeddable":true,"href":"https:\/\/obispadosanfelipe.cl\/2020\/wp-json\/wp\/v2\/categories?post=5901"},{"taxonomy":"post_tag","embeddable":true,"href":"https:\/\/obispadosanfelipe.cl\/2020\/wp-json\/wp\/v2\/tags?post=5901"}],"curies":[{"name":"wp","href":"https:\/\/api.w.org\/{rel}","templated":true}]}}