{"id":5972,"date":"2021-09-01T13:36:22","date_gmt":"2021-09-01T13:36:22","guid":{"rendered":"https:\/\/obispadosanfelipe.cl\/2020\/?p=5972"},"modified":"2021-09-02T13:39:11","modified_gmt":"2021-09-02T13:39:11","slug":"cierre-del-proceso-de-escucha-de-nuestra-diocesis","status":"publish","type":"post","link":"https:\/\/obispadosanfelipe.cl\/2020\/cierre-del-proceso-de-escucha-de-nuestra-diocesis\/","title":{"rendered":"Cierre del Proceso de Escucha de nuestra di\u00f3cesis"},"content":{"rendered":"<div class=\"kvgmc6g5 cxmmr5t8 oygrvhab hcukyx3x c1et5uql ii04i59q\">\n<div dir=\"auto\">El pr\u00f3ximo s\u00e1bado 4 de septiembre, queremos reunirnos y celebrar juntos el Cierre del Proceso de Escucha de nuestra di\u00f3cesis.<\/p>\n<\/div>\n<\/div>\n<div class=\"o9v6fnle cxmmr5t8 oygrvhab hcukyx3x c1et5uql ii04i59q\">\n<div dir=\"auto\">A pesar de que el cierre del proceso de Escucha de la Asamblea Eclesial, fue el d\u00eda 30 de agosto, queremos cerrar a nivel diocesano este tiempo que ha sido un regalo y una alegr\u00eda para nuestras comunidades.<\/p>\n<\/div>\n<\/div>\n<div class=\"o9v6fnle cxmmr5t8 oygrvhab hcukyx3x c1et5uql ii04i59q\">\n<div dir=\"auto\">Nos queremos reunirnos como comunidad, para hacer memoria de lo que ha sido este caminar, para agradecer este tiempo y rezar por el camino que a\u00fan queda para llegar a la Asamblea Eclesial en noviembre.<\/p>\n<\/div>\n<\/div>\n<div class=\"o9v6fnle cxmmr5t8 oygrvhab hcukyx3x c1et5uql ii04i59q\">\n<div dir=\"auto\">Nos reuniremos de manera presencial en la parroquia San Antonio de Padua en Putaendo a las 10:00 horas, adem\u00e1s el encuentro ser\u00e1 transmitido por todas nuestras redes sociales, para que puedan acompa\u00f1arnos de manera presencial o virtual.<\/p>\n<\/div>\n<\/div>\n","protected":false},"excerpt":{"rendered":"<p>El pr\u00f3ximo s\u00e1bado 4 de septiembre, queremos reunirnos y celebrar juntos el Cierre del Proceso de Escucha de nuestra di\u00f3cesis. A pesar de que el cierre del proceso de Escucha&hellip;<\/p>\n","protected":false},"author":1,"featured_media":5973,"comment_status":"closed","ping_status":"open","sticky":false,"template":"","format":"standard","meta":[],"categories":[8,4],"tags":[],"_links":{"self":[{"href":"https:\/\/obispadosanfelipe.cl\/2020\/wp-json\/wp\/v2\/posts\/5972"}],"collection":[{"href":"https:\/\/obispadosanfelipe.cl\/2020\/wp-json\/wp\/v2\/posts"}],"about":[{"href":"https:\/\/obispadosanfelipe.cl\/2020\/wp-json\/wp\/v2\/types\/post"}],"author":[{"embeddable":true,"href":"https:\/\/obispadosanfelipe.cl\/2020\/wp-json\/wp\/v2\/users\/1"}],"replies":[{"embeddable":true,"href":"https:\/\/obispadosanfelipe.cl\/2020\/wp-json\/wp\/v2\/comments?post=5972"}],"version-history":[{"count":1,"href":"https:\/\/obispadosanfelipe.cl\/2020\/wp-json\/wp\/v2\/posts\/5972\/revisions"}],"predecessor-version":[{"id":5974,"href":"https:\/\/obispadosanfelipe.cl\/2020\/wp-json\/wp\/v2\/posts\/5972\/revisions\/5974"}],"wp:featuredmedia":[{"embeddable":true,"href":"https:\/\/obispadosanfelipe.cl\/2020\/wp-json\/wp\/v2\/media\/5973"}],"wp:attachment":[{"href":"https:\/\/obispadosanfelipe.cl\/2020\/wp-json\/wp\/v2\/media?parent=5972"}],"wp:term":[{"taxonomy":"category","embeddable":true,"href":"https:\/\/obispadosanfelipe.cl\/2020\/wp-json\/wp\/v2\/categories?post=5972"},{"taxonomy":"post_tag","embeddable":true,"href":"https:\/\/obispadosanfelipe.cl\/2020\/wp-json\/wp\/v2\/tags?post=5972"}],"curies":[{"name":"wp","href":"https:\/\/api.w.org\/{rel}","templated":true}]}}