{"id":6046,"date":"2021-09-13T11:21:34","date_gmt":"2021-09-13T11:21:34","guid":{"rendered":"https:\/\/obispadosanfelipe.cl\/2020\/?p=6046"},"modified":"2021-09-13T14:25:18","modified_gmt":"2021-09-13T14:25:18","slug":"inician-campana-salvemos-el-santo-cristo-de-rinconada-de-silva","status":"publish","type":"post","link":"https:\/\/obispadosanfelipe.cl\/2020\/inician-campana-salvemos-el-santo-cristo-de-rinconada-de-silva\/","title":{"rendered":"Inician campa\u00f1a \u201cSalvemos el Santo Cristo\u201d de Rinconada de Silva"},"content":{"rendered":"<p>La campa\u00f1a \u201cSalvemos el Santo Cristo\u201d tiene por finalidad reunir recursos econ\u00f3micos que permitan ayudar en la mantenci\u00f3n del recinto y solventar en parte los sueldos de los dos trabajadores que velan por el cuidado y mantenimiento de todo el Cristo de Rinconada de Silva.<\/p>\n<p>En el \u00faltimo a\u00f1o y producto de toda la situaci\u00f3n vivida con la pandemia, la mantenci\u00f3n del Cristo de Rinconada de Silva que tiene entre otros atractivos, grandes extensiones de jardines, se ha realizado con todos los esfuerzos para poder pagar los sueldos de los dos trabajadores que con un compromiso enorme aceptaron rebajar sus sueldos y han trabajado en horarios completos donde seg\u00fan lo indic\u00f3 el Concejal Sebasti\u00e1n Caldera por concepto de donaciones\u00a0 no se recaudan m\u00e1s de $50.000 al mes lo que hace inviable la mantenci\u00f3n desde el punto de vista econ\u00f3mico.<\/p>\n<p>Ante esta situaci\u00f3n el comit\u00e9 econ\u00f3mico parroquial en conjunto con la municipalidad de Putaendo lanzaron el S\u00e1bado reci\u00e9n pasado la campa\u00f1a denominada \u201cSalvemos el Santo Cristo\u201d ocasi\u00f3n donde el Alcalde Mauricio Quiroz valor\u00f3 como el Santo Cristo forma parte importante y vital de la ruta religiosa del valle del Aconcagua y es un referente hist\u00f3rico patrimonial y religioso de la comuna por lo que pidi\u00f3 colaborar en esta iniciativa que cuenta con todo el respaldo del municipio y del concejo municipal.<\/p>\n<p>En tanto el Padre Diego L\u00f3pez Encina, que presidio una eucarist\u00eda en el hermoso lugar con la presencia del Alcalde y Concejales, dijo que es tarea de todos salvar este hermoso lugar pues si bien hoy est\u00e1 en buenas condiciones no hay que esperar que se seque o se deje de mantenerlo para motivarse a cooperar agregando que ser\u00e1n muy trasparente con las donaciones que se reciban para esta iniciativa donde con mucha humildad pido colaborar para la mantenci\u00f3n del Santo Cristo de Rinconada de Silva.<\/p>\n<p>Las donaciones se reciben personalmente en la misma parroquia de Rinconada Silva o en la Cta. Cte.: 1320265101 del Banco de Chile, a nombre de Parroquia Nuestra Se\u00f1ora del Carmen Rut: 65.016.696-5, Asunto: Santo Cristo, Mail: parroquiarinconadadesilva@gmail.com WhatsApp Parroquial +56 9 7453 5952<\/p>\n<p>&nbsp;<\/p>\n<p>Fuente: Putaendo Informa<\/p>\n","protected":false},"excerpt":{"rendered":"<p>La campa\u00f1a \u201cSalvemos el Santo Cristo\u201d tiene por finalidad reunir recursos econ\u00f3micos que permitan ayudar en la mantenci\u00f3n del recinto y solventar en parte los sueldos de los dos trabajadores&hellip;<\/p>\n","protected":false},"author":1,"featured_media":6047,"comment_status":"closed","ping_status":"open","sticky":false,"template":"","format":"standard","meta":[],"categories":[8,4,54],"tags":[],"_links":{"self":[{"href":"https:\/\/obispadosanfelipe.cl\/2020\/wp-json\/wp\/v2\/posts\/6046"}],"collection":[{"href":"https:\/\/obispadosanfelipe.cl\/2020\/wp-json\/wp\/v2\/posts"}],"about":[{"href":"https:\/\/obispadosanfelipe.cl\/2020\/wp-json\/wp\/v2\/types\/post"}],"author":[{"embeddable":true,"href":"https:\/\/obispadosanfelipe.cl\/2020\/wp-json\/wp\/v2\/users\/1"}],"replies":[{"embeddable":true,"href":"https:\/\/obispadosanfelipe.cl\/2020\/wp-json\/wp\/v2\/comments?post=6046"}],"version-history":[{"count":1,"href":"https:\/\/obispadosanfelipe.cl\/2020\/wp-json\/wp\/v2\/posts\/6046\/revisions"}],"predecessor-version":[{"id":6048,"href":"https:\/\/obispadosanfelipe.cl\/2020\/wp-json\/wp\/v2\/posts\/6046\/revisions\/6048"}],"wp:featuredmedia":[{"embeddable":true,"href":"https:\/\/obispadosanfelipe.cl\/2020\/wp-json\/wp\/v2\/media\/6047"}],"wp:attachment":[{"href":"https:\/\/obispadosanfelipe.cl\/2020\/wp-json\/wp\/v2\/media?parent=6046"}],"wp:term":[{"taxonomy":"category","embeddable":true,"href":"https:\/\/obispadosanfelipe.cl\/2020\/wp-json\/wp\/v2\/categories?post=6046"},{"taxonomy":"post_tag","embeddable":true,"href":"https:\/\/obispadosanfelipe.cl\/2020\/wp-json\/wp\/v2\/tags?post=6046"}],"curies":[{"name":"wp","href":"https:\/\/api.w.org\/{rel}","templated":true}]}}