{"id":6099,"date":"2021-09-20T10:17:52","date_gmt":"2021-09-20T10:17:52","guid":{"rendered":"https:\/\/obispadosanfelipe.cl\/2020\/?p=6099"},"modified":"2021-09-21T01:24:23","modified_gmt":"2021-09-21T01:24:23","slug":"6099-2","status":"publish","type":"post","link":"https:\/\/obispadosanfelipe.cl\/2020\/6099-2\/","title":{"rendered":"Celebraci\u00f3n del tradicional Te Deum en la Catedral de San Felipe"},"content":{"rendered":"<p>Este 18 de septiembre se celebr\u00f3 un nuevo Te Deum por el aniversario de nuestra patria que cont\u00f3 con la presencia de autoridades provinciales, comunales y un destacamento del Regimiento Reforzado N\u00b03 Yungay con asiento en la ciudad de Los Andes, Carabineros, concejales y consejeros regionales, celebraci\u00f3n que fue presidida por el Padre Gonzalo Bravo \u00c1lvarez, Obispo de San Felipe.<\/p>\n<p>En su homil\u00eda el Padre Gonzalo se refiero a la importancia de ponerse al servicio de los m\u00e1s necesitados para ser constructores de una naci\u00f3n m\u00e1s justa y solidaria donde primer los valores del Evangelio, es fundamental \u00a0propiciar caminos de encuentros con quienes, d\u00eda a d\u00eda, trabajamos por nuestras familias, por nuestras regiones, por nuestras culturas, por nuestra patria.<\/p>\n<p>M\u00e1s adelante el Pastor Diocesano manifest\u00f3 necesitamos establecer las bases ciudadanas de nuestra convivencia social, te queremos pedir que podamos escuchar el clamor de todas las personas -siendo m\u00e1s inclusivos y tolerantes-, de la naturaleza -tan mancillada por nosotros mismos- y de las tradiciones religiosas, culturales y sociales para cimentar un espacio de convivencia c\u00edvica donde todos tengan cabida y ninguna persona se sienta fuera.<\/p>\n<p>Para finalizar expres\u00f3 te pedimos que sigas derramando tus bendiciones sobre nuestras ciudades, campos y mares; que la paz y la confianza configuren todos los procesos ciudadanos que estamos viviendo; que la empat\u00eda y cercan\u00eda con quienes m\u00e1s necesitan sean una oportunidad de encuentro, y no nos distanciemos como naci\u00f3n. Que todo lo que vivimos sea una oportunidad para reconocer la imagen de Cristo en la otra persona; s\u00f3lo as\u00ed ser\u00e1 posible el encuentro y reconocimiento completo de su dignidad.<\/p>\n<p>&nbsp;<\/p>\n<p>&nbsp;<\/p>\n\n\t\t\t<style type='text\/css'>\n\t\t\t\t#gallery-1 {\n\t\t\t\t\tmargin: auto;\n\t\t\t\t}\n\t\t\t\t#gallery-1 .gallery-item {\n\t\t\t\t\tfloat: left;\n\t\t\t\t\tmargin-top: 10px;\n\t\t\t\t\ttext-align: center;\n\t\t\t\t\twidth: 33%;\n\t\t\t\t}\n\t\t\t\t#gallery-1 img {\n\t\t\t\t\tborder: 2px solid #cfcfcf;\n\t\t\t\t}\n\t\t\t\t#gallery-1 .gallery-caption {\n\t\t\t\t\tmargin-left: 0;\n\t\t\t\t}\n\t\t\t\t\/* see gallery_shortcode() in wp-includes\/media.php *\/\n\t\t\t<\/style>\n\t\t<div id='gallery-1' class='dt-gallery-container gallery galleryid-6099 gallery-columns-3 gallery-size-large'><dl class='gallery-item'>\n\t\t\t\t<dt class='gallery-icon landscape'>\n\t\t\t\t\t<a class=\"rollover rollover-zoom dt-pswp-item\" title=\"DSC_0272\" data-dt-img-description=\"\" data-large_image_width=\"2560\" data-large_image_height=\"1711\"href='https:\/\/obispadosanfelipe.cl\/2020\/wp-content\/uploads\/2021\/09\/DSC_0272-scaled.jpg'><img width=\"1024\" height=\"684\" src=\"https:\/\/obispadosanfelipe.cl\/2020\/wp-content\/uploads\/2021\/09\/DSC_0272-1024x684.jpg\" class=\"attachment-large size-large\" alt=\"\" loading=\"lazy\" srcset=\"https:\/\/obispadosanfelipe.cl\/2020\/wp-content\/uploads\/2021\/09\/DSC_0272-1024x684.jpg 1024w, https:\/\/obispadosanfelipe.cl\/2020\/wp-content\/uploads\/2021\/09\/DSC_0272-300x201.jpg 300w, https:\/\/obispadosanfelipe.cl\/2020\/wp-content\/uploads\/2021\/09\/DSC_0272-768x513.jpg 768w, https:\/\/obispadosanfelipe.cl\/2020\/wp-content\/uploads\/2021\/09\/DSC_0272-1536x1027.jpg 1536w, https:\/\/obispadosanfelipe.cl\/2020\/wp-content\/uploads\/2021\/09\/DSC_0272-2048x1369.jpg 2048w\" sizes=\"(max-width: 1024px) 100vw, 1024px\" \/><\/a>\n\t\t\t\t<\/dt><\/dl><dl class='gallery-item'>\n\t\t\t\t<dt class='gallery-icon portrait'>\n\t\t\t\t\t<a class=\"rollover rollover-zoom dt-pswp-item\" title=\"DSC_0250\" data-dt-img-description=\"\" data-large_image_width=\"1711\" data-large_image_height=\"2560\"href='https:\/\/obispadosanfelipe.cl\/2020\/wp-content\/uploads\/2021\/09\/DSC_0250-scaled.jpg'><img width=\"684\" height=\"1024\" src=\"https:\/\/obispadosanfelipe.cl\/2020\/wp-content\/uploads\/2021\/09\/DSC_0250-684x1024.jpg\" class=\"attachment-large size-large\" alt=\"\" loading=\"lazy\" srcset=\"https:\/\/obispadosanfelipe.cl\/2020\/wp-content\/uploads\/2021\/09\/DSC_0250-684x1024.jpg 684w, https:\/\/obispadosanfelipe.cl\/2020\/wp-content\/uploads\/2021\/09\/DSC_0250-201x300.jpg 201w, https:\/\/obispadosanfelipe.cl\/2020\/wp-content\/uploads\/2021\/09\/DSC_0250-768x1149.jpg 768w, https:\/\/obispadosanfelipe.cl\/2020\/wp-content\/uploads\/2021\/09\/DSC_0250-1027x1536.jpg 1027w, https:\/\/obispadosanfelipe.cl\/2020\/wp-content\/uploads\/2021\/09\/DSC_0250-1369x2048.jpg 1369w, https:\/\/obispadosanfelipe.cl\/2020\/wp-content\/uploads\/2021\/09\/DSC_0250-scaled.jpg 1711w\" sizes=\"(max-width: 684px) 100vw, 684px\" \/><\/a>\n\t\t\t\t<\/dt><\/dl><dl class='gallery-item'>\n\t\t\t\t<dt class='gallery-icon landscape'>\n\t\t\t\t\t<a class=\"rollover rollover-zoom dt-pswp-item\" title=\"DSC_0239\" data-dt-img-description=\"\" data-large_image_width=\"2560\" data-large_image_height=\"1711\"href='https:\/\/obispadosanfelipe.cl\/2020\/wp-content\/uploads\/2021\/09\/DSC_0239-scaled.jpg'><img width=\"1024\" height=\"684\" src=\"https:\/\/obispadosanfelipe.cl\/2020\/wp-content\/uploads\/2021\/09\/DSC_0239-1024x684.jpg\" class=\"attachment-large size-large\" alt=\"\" loading=\"lazy\" srcset=\"https:\/\/obispadosanfelipe.cl\/2020\/wp-content\/uploads\/2021\/09\/DSC_0239-1024x684.jpg 1024w, https:\/\/obispadosanfelipe.cl\/2020\/wp-content\/uploads\/2021\/09\/DSC_0239-300x201.jpg 300w, https:\/\/obispadosanfelipe.cl\/2020\/wp-content\/uploads\/2021\/09\/DSC_0239-768x513.jpg 768w, https:\/\/obispadosanfelipe.cl\/2020\/wp-content\/uploads\/2021\/09\/DSC_0239-1536x1027.jpg 1536w, https:\/\/obispadosanfelipe.cl\/2020\/wp-content\/uploads\/2021\/09\/DSC_0239-2048x1369.jpg 2048w\" sizes=\"(max-width: 1024px) 100vw, 1024px\" \/><\/a>\n\t\t\t\t<\/dt><\/dl><br style=\"clear: both\" \/><dl class='gallery-item'>\n\t\t\t\t<dt class='gallery-icon landscape'>\n\t\t\t\t\t<a class=\"rollover rollover-zoom dt-pswp-item\" title=\"DSC_0236\" data-dt-img-description=\"\" data-large_image_width=\"2560\" data-large_image_height=\"1711\"href='https:\/\/obispadosanfelipe.cl\/2020\/wp-content\/uploads\/2021\/09\/DSC_0236-scaled.jpg'><img width=\"1024\" height=\"684\" src=\"https:\/\/obispadosanfelipe.cl\/2020\/wp-content\/uploads\/2021\/09\/DSC_0236-1024x684.jpg\" class=\"attachment-large size-large\" alt=\"\" loading=\"lazy\" srcset=\"https:\/\/obispadosanfelipe.cl\/2020\/wp-content\/uploads\/2021\/09\/DSC_0236-1024x684.jpg 1024w, https:\/\/obispadosanfelipe.cl\/2020\/wp-content\/uploads\/2021\/09\/DSC_0236-300x201.jpg 300w, https:\/\/obispadosanfelipe.cl\/2020\/wp-content\/uploads\/2021\/09\/DSC_0236-768x513.jpg 768w, https:\/\/obispadosanfelipe.cl\/2020\/wp-content\/uploads\/2021\/09\/DSC_0236-1536x1027.jpg 1536w, https:\/\/obispadosanfelipe.cl\/2020\/wp-content\/uploads\/2021\/09\/DSC_0236-2048x1369.jpg 2048w\" sizes=\"(max-width: 1024px) 100vw, 1024px\" \/><\/a>\n\t\t\t\t<\/dt><\/dl><dl class='gallery-item'>\n\t\t\t\t<dt class='gallery-icon landscape'>\n\t\t\t\t\t<a class=\"rollover rollover-zoom dt-pswp-item\" title=\"DSC_0216\" data-dt-img-description=\"\" data-large_image_width=\"2560\" data-large_image_height=\"1711\"href='https:\/\/obispadosanfelipe.cl\/2020\/wp-content\/uploads\/2021\/09\/DSC_0216-scaled.jpg'><img width=\"1024\" height=\"684\" src=\"https:\/\/obispadosanfelipe.cl\/2020\/wp-content\/uploads\/2021\/09\/DSC_0216-1024x684.jpg\" class=\"attachment-large size-large\" alt=\"\" loading=\"lazy\" srcset=\"https:\/\/obispadosanfelipe.cl\/2020\/wp-content\/uploads\/2021\/09\/DSC_0216-1024x684.jpg 1024w, https:\/\/obispadosanfelipe.cl\/2020\/wp-content\/uploads\/2021\/09\/DSC_0216-300x201.jpg 300w, https:\/\/obispadosanfelipe.cl\/2020\/wp-content\/uploads\/2021\/09\/DSC_0216-768x513.jpg 768w, https:\/\/obispadosanfelipe.cl\/2020\/wp-content\/uploads\/2021\/09\/DSC_0216-1536x1027.jpg 1536w, https:\/\/obispadosanfelipe.cl\/2020\/wp-content\/uploads\/2021\/09\/DSC_0216-2048x1369.jpg 2048w\" sizes=\"(max-width: 1024px) 100vw, 1024px\" \/><\/a>\n\t\t\t\t<\/dt><\/dl><dl class='gallery-item'>\n\t\t\t\t<dt class='gallery-icon landscape'>\n\t\t\t\t\t<a class=\"rollover rollover-zoom dt-pswp-item\" title=\"DSC_0207\" data-dt-img-description=\"\" data-large_image_width=\"2560\" data-large_image_height=\"1711\"href='https:\/\/obispadosanfelipe.cl\/2020\/wp-content\/uploads\/2021\/09\/DSC_0207-scaled.jpg'><img width=\"1024\" height=\"684\" src=\"https:\/\/obispadosanfelipe.cl\/2020\/wp-content\/uploads\/2021\/09\/DSC_0207-1024x684.jpg\" class=\"attachment-large size-large\" alt=\"\" loading=\"lazy\" srcset=\"https:\/\/obispadosanfelipe.cl\/2020\/wp-content\/uploads\/2021\/09\/DSC_0207-1024x684.jpg 1024w, https:\/\/obispadosanfelipe.cl\/2020\/wp-content\/uploads\/2021\/09\/DSC_0207-300x201.jpg 300w, https:\/\/obispadosanfelipe.cl\/2020\/wp-content\/uploads\/2021\/09\/DSC_0207-768x513.jpg 768w, https:\/\/obispadosanfelipe.cl\/2020\/wp-content\/uploads\/2021\/09\/DSC_0207-1536x1027.jpg 1536w, https:\/\/obispadosanfelipe.cl\/2020\/wp-content\/uploads\/2021\/09\/DSC_0207-2048x1369.jpg 2048w\" sizes=\"(max-width: 1024px) 100vw, 1024px\" \/><\/a>\n\t\t\t\t<\/dt><\/dl><br style=\"clear: both\" \/><dl class='gallery-item'>\n\t\t\t\t<dt class='gallery-icon landscape'>\n\t\t\t\t\t<a class=\"rollover rollover-zoom dt-pswp-item\" title=\"DSC_0209\" data-dt-img-description=\"\" data-large_image_width=\"2560\" data-large_image_height=\"1711\"href='https:\/\/obispadosanfelipe.cl\/2020\/wp-content\/uploads\/2021\/09\/DSC_0209-scaled.jpg'><img width=\"1024\" height=\"684\" src=\"https:\/\/obispadosanfelipe.cl\/2020\/wp-content\/uploads\/2021\/09\/DSC_0209-1024x684.jpg\" class=\"attachment-large size-large\" alt=\"\" loading=\"lazy\" srcset=\"https:\/\/obispadosanfelipe.cl\/2020\/wp-content\/uploads\/2021\/09\/DSC_0209-1024x684.jpg 1024w, https:\/\/obispadosanfelipe.cl\/2020\/wp-content\/uploads\/2021\/09\/DSC_0209-300x201.jpg 300w, https:\/\/obispadosanfelipe.cl\/2020\/wp-content\/uploads\/2021\/09\/DSC_0209-768x513.jpg 768w, https:\/\/obispadosanfelipe.cl\/2020\/wp-content\/uploads\/2021\/09\/DSC_0209-1536x1027.jpg 1536w, https:\/\/obispadosanfelipe.cl\/2020\/wp-content\/uploads\/2021\/09\/DSC_0209-2048x1369.jpg 2048w\" sizes=\"(max-width: 1024px) 100vw, 1024px\" \/><\/a>\n\t\t\t\t<\/dt><\/dl><dl class='gallery-item'>\n\t\t\t\t<dt class='gallery-icon landscape'>\n\t\t\t\t\t<a class=\"rollover rollover-zoom dt-pswp-item\" title=\"DSC_0210\" data-dt-img-description=\"\" data-large_image_width=\"2560\" data-large_image_height=\"1711\"href='https:\/\/obispadosanfelipe.cl\/2020\/wp-content\/uploads\/2021\/09\/DSC_0210-scaled.jpg'><img width=\"1024\" height=\"684\" src=\"https:\/\/obispadosanfelipe.cl\/2020\/wp-content\/uploads\/2021\/09\/DSC_0210-1024x684.jpg\" class=\"attachment-large size-large\" alt=\"\" loading=\"lazy\" srcset=\"https:\/\/obispadosanfelipe.cl\/2020\/wp-content\/uploads\/2021\/09\/DSC_0210-1024x684.jpg 1024w, https:\/\/obispadosanfelipe.cl\/2020\/wp-content\/uploads\/2021\/09\/DSC_0210-300x201.jpg 300w, https:\/\/obispadosanfelipe.cl\/2020\/wp-content\/uploads\/2021\/09\/DSC_0210-768x513.jpg 768w, https:\/\/obispadosanfelipe.cl\/2020\/wp-content\/uploads\/2021\/09\/DSC_0210-1536x1027.jpg 1536w, https:\/\/obispadosanfelipe.cl\/2020\/wp-content\/uploads\/2021\/09\/DSC_0210-2048x1369.jpg 2048w\" sizes=\"(max-width: 1024px) 100vw, 1024px\" \/><\/a>\n\t\t\t\t<\/dt><\/dl><dl class='gallery-item'>\n\t\t\t\t<dt class='gallery-icon landscape'>\n\t\t\t\t\t<a class=\"rollover rollover-zoom dt-pswp-item\" title=\"DSC_0211\" data-dt-img-description=\"\" data-large_image_width=\"2560\" data-large_image_height=\"1711\"href='https:\/\/obispadosanfelipe.cl\/2020\/wp-content\/uploads\/2021\/09\/DSC_0211-scaled.jpg'><img width=\"1024\" height=\"684\" src=\"https:\/\/obispadosanfelipe.cl\/2020\/wp-content\/uploads\/2021\/09\/DSC_0211-1024x684.jpg\" class=\"attachment-large size-large\" alt=\"\" loading=\"lazy\" srcset=\"https:\/\/obispadosanfelipe.cl\/2020\/wp-content\/uploads\/2021\/09\/DSC_0211-1024x684.jpg 1024w, https:\/\/obispadosanfelipe.cl\/2020\/wp-content\/uploads\/2021\/09\/DSC_0211-300x201.jpg 300w, https:\/\/obispadosanfelipe.cl\/2020\/wp-content\/uploads\/2021\/09\/DSC_0211-768x513.jpg 768w, https:\/\/obispadosanfelipe.cl\/2020\/wp-content\/uploads\/2021\/09\/DSC_0211-1536x1027.jpg 1536w, https:\/\/obispadosanfelipe.cl\/2020\/wp-content\/uploads\/2021\/09\/DSC_0211-2048x1369.jpg 2048w\" sizes=\"(max-width: 1024px) 100vw, 1024px\" \/><\/a>\n\t\t\t\t<\/dt><\/dl><br style=\"clear: both\" \/><dl class='gallery-item'>\n\t\t\t\t<dt class='gallery-icon landscape'>\n\t\t\t\t\t<a class=\"rollover rollover-zoom dt-pswp-item\" title=\"\" data-dt-img-description=\"\" data-large_image_width=\"2560\" data-large_image_height=\"1711\"href='https:\/\/obispadosanfelipe.cl\/2020\/wp-content\/uploads\/2021\/09\/DSC_0215-scaled.jpg'><img width=\"1024\" height=\"684\" src=\"https:\/\/obispadosanfelipe.cl\/2020\/wp-content\/uploads\/2021\/09\/DSC_0215-1024x684.jpg\" class=\"attachment-large size-large\" alt=\"\" loading=\"lazy\" srcset=\"https:\/\/obispadosanfelipe.cl\/2020\/wp-content\/uploads\/2021\/09\/DSC_0215-1024x684.jpg 1024w, https:\/\/obispadosanfelipe.cl\/2020\/wp-content\/uploads\/2021\/09\/DSC_0215-300x201.jpg 300w, https:\/\/obispadosanfelipe.cl\/2020\/wp-content\/uploads\/2021\/09\/DSC_0215-768x513.jpg 768w, https:\/\/obispadosanfelipe.cl\/2020\/wp-content\/uploads\/2021\/09\/DSC_0215-1536x1027.jpg 1536w, https:\/\/obispadosanfelipe.cl\/2020\/wp-content\/uploads\/2021\/09\/DSC_0215-2048x1369.jpg 2048w\" sizes=\"(max-width: 1024px) 100vw, 1024px\" \/><\/a>\n\t\t\t\t<\/dt><\/dl><dl class='gallery-item'>\n\t\t\t\t<dt class='gallery-icon landscape'>\n\t\t\t\t\t<a class=\"rollover rollover-zoom dt-pswp-item\" title=\"DSC_0200\" data-dt-img-description=\"\" data-large_image_width=\"2560\" data-large_image_height=\"1711\"href='https:\/\/obispadosanfelipe.cl\/2020\/wp-content\/uploads\/2021\/09\/DSC_0200-scaled.jpg'><img width=\"1024\" height=\"684\" src=\"https:\/\/obispadosanfelipe.cl\/2020\/wp-content\/uploads\/2021\/09\/DSC_0200-1024x684.jpg\" class=\"attachment-large size-large\" alt=\"\" loading=\"lazy\" srcset=\"https:\/\/obispadosanfelipe.cl\/2020\/wp-content\/uploads\/2021\/09\/DSC_0200-1024x684.jpg 1024w, https:\/\/obispadosanfelipe.cl\/2020\/wp-content\/uploads\/2021\/09\/DSC_0200-300x201.jpg 300w, https:\/\/obispadosanfelipe.cl\/2020\/wp-content\/uploads\/2021\/09\/DSC_0200-768x513.jpg 768w, https:\/\/obispadosanfelipe.cl\/2020\/wp-content\/uploads\/2021\/09\/DSC_0200-1536x1027.jpg 1536w, https:\/\/obispadosanfelipe.cl\/2020\/wp-content\/uploads\/2021\/09\/DSC_0200-2048x1369.jpg 2048w\" sizes=\"(max-width: 1024px) 100vw, 1024px\" \/><\/a>\n\t\t\t\t<\/dt><\/dl>\n\t\t\t\t<br style='clear: both' \/>\n\t\t\t<\/div>\n\n","protected":false},"excerpt":{"rendered":"<p>Este 18 de septiembre se celebr\u00f3 un nuevo Te Deum por el aniversario de nuestra patria que cont\u00f3 con la presencia de autoridades provinciales, comunales y un destacamento del Regimiento&hellip;<\/p>\n","protected":false},"author":1,"featured_media":6105,"comment_status":"closed","ping_status":"open","sticky":false,"template":"","format":"standard","meta":[],"categories":[5,8,4],"tags":[],"_links":{"self":[{"href":"https:\/\/obispadosanfelipe.cl\/2020\/wp-json\/wp\/v2\/posts\/6099"}],"collection":[{"href":"https:\/\/obispadosanfelipe.cl\/2020\/wp-json\/wp\/v2\/posts"}],"about":[{"href":"https:\/\/obispadosanfelipe.cl\/2020\/wp-json\/wp\/v2\/types\/post"}],"author":[{"embeddable":true,"href":"https:\/\/obispadosanfelipe.cl\/2020\/wp-json\/wp\/v2\/users\/1"}],"replies":[{"embeddable":true,"href":"https:\/\/obispadosanfelipe.cl\/2020\/wp-json\/wp\/v2\/comments?post=6099"}],"version-history":[{"count":2,"href":"https:\/\/obispadosanfelipe.cl\/2020\/wp-json\/wp\/v2\/posts\/6099\/revisions"}],"predecessor-version":[{"id":6112,"href":"https:\/\/obispadosanfelipe.cl\/2020\/wp-json\/wp\/v2\/posts\/6099\/revisions\/6112"}],"wp:featuredmedia":[{"embeddable":true,"href":"https:\/\/obispadosanfelipe.cl\/2020\/wp-json\/wp\/v2\/media\/6105"}],"wp:attachment":[{"href":"https:\/\/obispadosanfelipe.cl\/2020\/wp-json\/wp\/v2\/media?parent=6099"}],"wp:term":[{"taxonomy":"category","embeddable":true,"href":"https:\/\/obispadosanfelipe.cl\/2020\/wp-json\/wp\/v2\/categories?post=6099"},{"taxonomy":"post_tag","embeddable":true,"href":"https:\/\/obispadosanfelipe.cl\/2020\/wp-json\/wp\/v2\/tags?post=6099"}],"curies":[{"name":"wp","href":"https:\/\/api.w.org\/{rel}","templated":true}]}}