{"id":6474,"date":"2021-11-09T10:41:39","date_gmt":"2021-11-09T10:41:39","guid":{"rendered":"https:\/\/obispadosanfelipe.cl\/2020\/?p=6474"},"modified":"2021-11-09T13:46:09","modified_gmt":"2021-11-09T13:46:09","slug":"nuevo-operativo-de-regulacion-migratoria","status":"publish","type":"post","link":"https:\/\/obispadosanfelipe.cl\/2020\/nuevo-operativo-de-regulacion-migratoria\/","title":{"rendered":"Nuevo Operativo de Regulaci\u00f3n Migratoria"},"content":{"rendered":"<p>Con el objetivo de que la mayor cantidad de migrantes pueda ser atendidos, en el nuevo proces\u00f3 de regulaci\u00f3n ante la nueva ley de migraci\u00f3n se realizar\u00e1 un nuevo operativo el d\u00eda 11 de noviembre a las 10 hrs, am, a llevarse a cabo en las dependencias de la parroquia la Merced, ubicada en calle Victor Lafon N\u00aa1010, Pobl. Pedro Aguirre Cerda, San Felipe.<\/p>\n<p>&nbsp;<\/p>\n<p>&nbsp;<\/p>\n","protected":false},"excerpt":{"rendered":"<p>Con el objetivo de que la mayor cantidad de migrantes pueda ser atendidos, en el nuevo proces\u00f3 de regulaci\u00f3n ante la nueva ley de migraci\u00f3n se realizar\u00e1 un nuevo operativo&hellip;<\/p>\n","protected":false},"author":1,"featured_media":6476,"comment_status":"closed","ping_status":"open","sticky":false,"template":"","format":"standard","meta":[],"categories":[52,8,4],"tags":[],"_links":{"self":[{"href":"https:\/\/obispadosanfelipe.cl\/2020\/wp-json\/wp\/v2\/posts\/6474"}],"collection":[{"href":"https:\/\/obispadosanfelipe.cl\/2020\/wp-json\/wp\/v2\/posts"}],"about":[{"href":"https:\/\/obispadosanfelipe.cl\/2020\/wp-json\/wp\/v2\/types\/post"}],"author":[{"embeddable":true,"href":"https:\/\/obispadosanfelipe.cl\/2020\/wp-json\/wp\/v2\/users\/1"}],"replies":[{"embeddable":true,"href":"https:\/\/obispadosanfelipe.cl\/2020\/wp-json\/wp\/v2\/comments?post=6474"}],"version-history":[{"count":1,"href":"https:\/\/obispadosanfelipe.cl\/2020\/wp-json\/wp\/v2\/posts\/6474\/revisions"}],"predecessor-version":[{"id":6477,"href":"https:\/\/obispadosanfelipe.cl\/2020\/wp-json\/wp\/v2\/posts\/6474\/revisions\/6477"}],"wp:featuredmedia":[{"embeddable":true,"href":"https:\/\/obispadosanfelipe.cl\/2020\/wp-json\/wp\/v2\/media\/6476"}],"wp:attachment":[{"href":"https:\/\/obispadosanfelipe.cl\/2020\/wp-json\/wp\/v2\/media?parent=6474"}],"wp:term":[{"taxonomy":"category","embeddable":true,"href":"https:\/\/obispadosanfelipe.cl\/2020\/wp-json\/wp\/v2\/categories?post=6474"},{"taxonomy":"post_tag","embeddable":true,"href":"https:\/\/obispadosanfelipe.cl\/2020\/wp-json\/wp\/v2\/tags?post=6474"}],"curies":[{"name":"wp","href":"https:\/\/api.w.org\/{rel}","templated":true}]}}