{"id":6516,"date":"2021-11-13T20:41:01","date_gmt":"2021-11-13T20:41:01","guid":{"rendered":"https:\/\/obispadosanfelipe.cl\/2020\/?p=6516"},"modified":"2021-11-16T23:52:21","modified_gmt":"2021-11-16T23:52:21","slug":"encuentro-decanato-de-san-felipe","status":"publish","type":"post","link":"https:\/\/obispadosanfelipe.cl\/2020\/encuentro-decanato-de-san-felipe\/","title":{"rendered":"Encuentro decanato de San Felipe"},"content":{"rendered":"<p>En un ambiente de alegr\u00eda y fraternidad, se desarroll\u00f3 el Encuentro Decanal de San Felipe en el Liceo Bicentenario Corina Urbina, con la participaci\u00f3n de laicos y laicas de parroquias y movimientos de todo el decanato, jornada que fue preparada por la Vicaria de Pastoral, para motivar el proceso si<\/p>\n<p>Esta jornada realizada este s\u00e1bado 13 de noviembre durante la ma\u00f1ana, se desarroll\u00f3 con motivo del proceso sinodal al cual estamos llamados a vivir para ser una Iglesia m\u00e1s sinodal, prof\u00e9tica y esperanzadora.<\/p>\n<div class=\"text_exposed_show\">\n<p>El Padre Vicente Montenegro, decano de San Felipe, destac\u00f3\u00a0 que es muy especial en este tiempo poder encontrarnos porque es un motivo de alegr\u00eda, pero cuando nos encontrarnos por la cosas de la Iglesia y las cosas del Se\u00f1or es una doble alegr\u00eda, entiendo el proceso que lleva la Iglesia y sigue llevando nuestra Di\u00f3cesis nos ayuda a entender la importancia de alcanzar este desaf\u00edo que nos pone la sinodal dad, que es caminar todos juntos.<\/p>\n<p>Estos encuentros tienen como objetivos: Crear una instancia de toma de conciencia del momento hist\u00f3rico que nos toca vivir, tanto social como eclesial y en segundo lugar: Mirar la vida pastoral como un desaf\u00edo e impulsar un proceso maduro de renovaci\u00f3n desde las bases.<\/p>\n<\/div>\n\n\t\t\t<style type='text\/css'>\n\t\t\t\t#gallery-1 {\n\t\t\t\t\tmargin: auto;\n\t\t\t\t}\n\t\t\t\t#gallery-1 .gallery-item {\n\t\t\t\t\tfloat: left;\n\t\t\t\t\tmargin-top: 10px;\n\t\t\t\t\ttext-align: center;\n\t\t\t\t\twidth: 33%;\n\t\t\t\t}\n\t\t\t\t#gallery-1 img {\n\t\t\t\t\tborder: 2px solid #cfcfcf;\n\t\t\t\t}\n\t\t\t\t#gallery-1 .gallery-caption {\n\t\t\t\t\tmargin-left: 0;\n\t\t\t\t}\n\t\t\t\t\/* see gallery_shortcode() in wp-includes\/media.php *\/\n\t\t\t<\/style>\n\t\t<div id='gallery-1' class='dt-gallery-container gallery galleryid-6516 gallery-columns-3 gallery-size-medium'><dl class='gallery-item'>\n\t\t\t\t<dt class='gallery-icon landscape'>\n\t\t\t\t\t<a class=\"rollover rollover-zoom dt-pswp-item\" title=\"sinodo\" data-dt-img-description=\"\" data-large_image_width=\"1280\" data-large_image_height=\"853\"href='https:\/\/obispadosanfelipe.cl\/2020\/wp-content\/uploads\/2021\/11\/WhatsApp-Image-2021-11-13-at-23.22.39.jpeg'><img width=\"300\" height=\"200\" src=\"https:\/\/obispadosanfelipe.cl\/2020\/wp-content\/uploads\/2021\/11\/WhatsApp-Image-2021-11-13-at-23.22.39-300x200.jpeg\" class=\"attachment-medium size-medium\" alt=\"\" loading=\"lazy\" srcset=\"https:\/\/obispadosanfelipe.cl\/2020\/wp-content\/uploads\/2021\/11\/WhatsApp-Image-2021-11-13-at-23.22.39-300x200.jpeg 300w, https:\/\/obispadosanfelipe.cl\/2020\/wp-content\/uploads\/2021\/11\/WhatsApp-Image-2021-11-13-at-23.22.39-1024x682.jpeg 1024w, https:\/\/obispadosanfelipe.cl\/2020\/wp-content\/uploads\/2021\/11\/WhatsApp-Image-2021-11-13-at-23.22.39-768x512.jpeg 768w, https:\/\/obispadosanfelipe.cl\/2020\/wp-content\/uploads\/2021\/11\/WhatsApp-Image-2021-11-13-at-23.22.39.jpeg 1280w\" sizes=\"(max-width: 300px) 100vw, 300px\" \/><\/a>\n\t\t\t\t<\/dt><\/dl><dl class='gallery-item'>\n\t\t\t\t<dt class='gallery-icon landscape'>\n\t\t\t\t\t<a class=\"rollover rollover-zoom dt-pswp-item\" title=\"WhatsApp Image 2021-11-13 at 23.22.40\" data-dt-img-description=\"\" data-large_image_width=\"1280\" data-large_image_height=\"853\"href='https:\/\/obispadosanfelipe.cl\/2020\/wp-content\/uploads\/2021\/11\/WhatsApp-Image-2021-11-13-at-23.22.40.jpeg'><img width=\"300\" height=\"200\" src=\"https:\/\/obispadosanfelipe.cl\/2020\/wp-content\/uploads\/2021\/11\/WhatsApp-Image-2021-11-13-at-23.22.40-300x200.jpeg\" class=\"attachment-medium size-medium\" alt=\"\" loading=\"lazy\" srcset=\"https:\/\/obispadosanfelipe.cl\/2020\/wp-content\/uploads\/2021\/11\/WhatsApp-Image-2021-11-13-at-23.22.40-300x200.jpeg 300w, https:\/\/obispadosanfelipe.cl\/2020\/wp-content\/uploads\/2021\/11\/WhatsApp-Image-2021-11-13-at-23.22.40-1024x682.jpeg 1024w, https:\/\/obispadosanfelipe.cl\/2020\/wp-content\/uploads\/2021\/11\/WhatsApp-Image-2021-11-13-at-23.22.40-768x512.jpeg 768w, https:\/\/obispadosanfelipe.cl\/2020\/wp-content\/uploads\/2021\/11\/WhatsApp-Image-2021-11-13-at-23.22.40.jpeg 1280w\" sizes=\"(max-width: 300px) 100vw, 300px\" \/><\/a>\n\t\t\t\t<\/dt><\/dl><dl class='gallery-item'>\n\t\t\t\t<dt class='gallery-icon landscape'>\n\t\t\t\t\t<a class=\"rollover rollover-zoom dt-pswp-item\" title=\"WhatsApp Image 2021-11-13 at 23.22.44\" data-dt-img-description=\"\" data-large_image_width=\"1280\" data-large_image_height=\"853\"href='https:\/\/obispadosanfelipe.cl\/2020\/wp-content\/uploads\/2021\/11\/WhatsApp-Image-2021-11-13-at-23.22.44.jpeg'><img width=\"300\" height=\"200\" src=\"https:\/\/obispadosanfelipe.cl\/2020\/wp-content\/uploads\/2021\/11\/WhatsApp-Image-2021-11-13-at-23.22.44-300x200.jpeg\" class=\"attachment-medium size-medium\" alt=\"\" loading=\"lazy\" srcset=\"https:\/\/obispadosanfelipe.cl\/2020\/wp-content\/uploads\/2021\/11\/WhatsApp-Image-2021-11-13-at-23.22.44-300x200.jpeg 300w, https:\/\/obispadosanfelipe.cl\/2020\/wp-content\/uploads\/2021\/11\/WhatsApp-Image-2021-11-13-at-23.22.44-1024x682.jpeg 1024w, https:\/\/obispadosanfelipe.cl\/2020\/wp-content\/uploads\/2021\/11\/WhatsApp-Image-2021-11-13-at-23.22.44-768x512.jpeg 768w, https:\/\/obispadosanfelipe.cl\/2020\/wp-content\/uploads\/2021\/11\/WhatsApp-Image-2021-11-13-at-23.22.44.jpeg 1280w\" sizes=\"(max-width: 300px) 100vw, 300px\" \/><\/a>\n\t\t\t\t<\/dt><\/dl><br style=\"clear: both\" \/><dl class='gallery-item'>\n\t\t\t\t<dt class='gallery-icon landscape'>\n\t\t\t\t\t<a class=\"rollover rollover-zoom dt-pswp-item\" title=\"WhatsApp Image 2021-11-13 at 23.22.46\" data-dt-img-description=\"\" data-large_image_width=\"1280\" data-large_image_height=\"853\"href='https:\/\/obispadosanfelipe.cl\/2020\/wp-content\/uploads\/2021\/11\/WhatsApp-Image-2021-11-13-at-23.22.46.jpeg'><img width=\"300\" height=\"200\" src=\"https:\/\/obispadosanfelipe.cl\/2020\/wp-content\/uploads\/2021\/11\/WhatsApp-Image-2021-11-13-at-23.22.46-300x200.jpeg\" class=\"attachment-medium size-medium\" alt=\"\" loading=\"lazy\" srcset=\"https:\/\/obispadosanfelipe.cl\/2020\/wp-content\/uploads\/2021\/11\/WhatsApp-Image-2021-11-13-at-23.22.46-300x200.jpeg 300w, https:\/\/obispadosanfelipe.cl\/2020\/wp-content\/uploads\/2021\/11\/WhatsApp-Image-2021-11-13-at-23.22.46-1024x682.jpeg 1024w, https:\/\/obispadosanfelipe.cl\/2020\/wp-content\/uploads\/2021\/11\/WhatsApp-Image-2021-11-13-at-23.22.46-768x512.jpeg 768w, https:\/\/obispadosanfelipe.cl\/2020\/wp-content\/uploads\/2021\/11\/WhatsApp-Image-2021-11-13-at-23.22.46.jpeg 1280w\" sizes=\"(max-width: 300px) 100vw, 300px\" \/><\/a>\n\t\t\t\t<\/dt><\/dl><dl class='gallery-item'>\n\t\t\t\t<dt class='gallery-icon landscape'>\n\t\t\t\t\t<a class=\"rollover rollover-zoom dt-pswp-item\" title=\"WhatsApp Image 2021-11-13 at 23.22.47\" data-dt-img-description=\"\" data-large_image_width=\"1280\" data-large_image_height=\"853\"href='https:\/\/obispadosanfelipe.cl\/2020\/wp-content\/uploads\/2021\/11\/WhatsApp-Image-2021-11-13-at-23.22.47.jpeg'><img width=\"300\" height=\"200\" src=\"https:\/\/obispadosanfelipe.cl\/2020\/wp-content\/uploads\/2021\/11\/WhatsApp-Image-2021-11-13-at-23.22.47-300x200.jpeg\" class=\"attachment-medium size-medium\" alt=\"\" loading=\"lazy\" srcset=\"https:\/\/obispadosanfelipe.cl\/2020\/wp-content\/uploads\/2021\/11\/WhatsApp-Image-2021-11-13-at-23.22.47-300x200.jpeg 300w, https:\/\/obispadosanfelipe.cl\/2020\/wp-content\/uploads\/2021\/11\/WhatsApp-Image-2021-11-13-at-23.22.47-1024x682.jpeg 1024w, https:\/\/obispadosanfelipe.cl\/2020\/wp-content\/uploads\/2021\/11\/WhatsApp-Image-2021-11-13-at-23.22.47-768x512.jpeg 768w, https:\/\/obispadosanfelipe.cl\/2020\/wp-content\/uploads\/2021\/11\/WhatsApp-Image-2021-11-13-at-23.22.47.jpeg 1280w\" sizes=\"(max-width: 300px) 100vw, 300px\" \/><\/a>\n\t\t\t\t<\/dt><\/dl>\n\t\t\t\t<br style='clear: both' \/>\n\t\t\t<\/div>\n\n","protected":false},"excerpt":{"rendered":"<p>En un ambiente de alegr\u00eda y fraternidad, se desarroll\u00f3 el Encuentro Decanal de San Felipe en el Liceo Bicentenario Corina Urbina, con la participaci\u00f3n de laicos y laicas de parroquias&hellip;<\/p>\n","protected":false},"author":1,"featured_media":6517,"comment_status":"closed","ping_status":"open","sticky":false,"template":"","format":"standard","meta":[],"categories":[5,8],"tags":[],"_links":{"self":[{"href":"https:\/\/obispadosanfelipe.cl\/2020\/wp-json\/wp\/v2\/posts\/6516"}],"collection":[{"href":"https:\/\/obispadosanfelipe.cl\/2020\/wp-json\/wp\/v2\/posts"}],"about":[{"href":"https:\/\/obispadosanfelipe.cl\/2020\/wp-json\/wp\/v2\/types\/post"}],"author":[{"embeddable":true,"href":"https:\/\/obispadosanfelipe.cl\/2020\/wp-json\/wp\/v2\/users\/1"}],"replies":[{"embeddable":true,"href":"https:\/\/obispadosanfelipe.cl\/2020\/wp-json\/wp\/v2\/comments?post=6516"}],"version-history":[{"count":2,"href":"https:\/\/obispadosanfelipe.cl\/2020\/wp-json\/wp\/v2\/posts\/6516\/revisions"}],"predecessor-version":[{"id":6523,"href":"https:\/\/obispadosanfelipe.cl\/2020\/wp-json\/wp\/v2\/posts\/6516\/revisions\/6523"}],"wp:featuredmedia":[{"embeddable":true,"href":"https:\/\/obispadosanfelipe.cl\/2020\/wp-json\/wp\/v2\/media\/6517"}],"wp:attachment":[{"href":"https:\/\/obispadosanfelipe.cl\/2020\/wp-json\/wp\/v2\/media?parent=6516"}],"wp:term":[{"taxonomy":"category","embeddable":true,"href":"https:\/\/obispadosanfelipe.cl\/2020\/wp-json\/wp\/v2\/categories?post=6516"},{"taxonomy":"post_tag","embeddable":true,"href":"https:\/\/obispadosanfelipe.cl\/2020\/wp-json\/wp\/v2\/tags?post=6516"}],"curies":[{"name":"wp","href":"https:\/\/api.w.org\/{rel}","templated":true}]}}