{"id":6530,"date":"2021-11-17T22:32:53","date_gmt":"2021-11-17T22:32:53","guid":{"rendered":"https:\/\/obispadosanfelipe.cl\/2020\/?p=6530"},"modified":"2021-11-19T11:41:21","modified_gmt":"2021-11-19T11:41:21","slug":"6530-2","status":"publish","type":"post","link":"https:\/\/obispadosanfelipe.cl\/2020\/6530-2\/","title":{"rendered":"Consultora T\u00c1NDEM limitada se adjudicaci\u00f3n de Licitaci\u00f3n de la Etapa de Dise\u00f1o del Proyecto del Curim\u00f3n"},"content":{"rendered":"<div class=\"gmail-kvgmc6g5 gmail-cxmmr5t8 gmail-oygrvhab gmail-hcukyx3x gmail-c1et5uql gmail-ii04i59q\">\n<div dir=\"auto\">\n<p>El pasado 26 de Octubre el Servicio Nacional del Patrimonio Cultural, aprob\u00f3 la adjudicaci\u00f3n de Licitaci\u00f3n de la Etapa de Dise\u00f1o del Proyecto \u00abRestauraci\u00f3n iglesia, convento y museo Colonial San Francisco de Curim\u00f3n\u00bb a la Consultora T\u00c1NDEM limitada.<\/p>\n<\/div>\n<div dir=\"auto\">Esta licitaci\u00f3n cont\u00f3 con una\u00a0 inversi\u00f3n de $473.557.000 aportada por el FNDR del Gobierno Regional, busca propuestas que tengan como fin la reparaci\u00f3n de su capacidad estructural, sus condiciones arquitect\u00f3nicas y funcionales, as\u00ed como el mejoramiento de su entorno, de manera tal que permita su apertura a la comunidad y permanezca como legado para las futuras generaciones.<\/div>\n<div dir=\"auto\"><\/div>\n<\/div>\n<div class=\"gmail-o9v6fnle gmail-cxmmr5t8 gmail-oygrvhab gmail-hcukyx3x gmail-c1et5uql gmail-ii04i59q\">\n<div dir=\"auto\">Profesionales de esta empresa el pasado viernes 12 de Noviembre, visitaron junto al equipo del Servicio Patrimonial, la parroquia de Curimon, para hacer un reconocimiento en terreno de lo que ser\u00e1 el lugar de trabajo para esta primera etapa.<\/div>\n<\/div>\n","protected":false},"excerpt":{"rendered":"<p>El pasado 26 de Octubre el Servicio Nacional del Patrimonio Cultural, aprob\u00f3 la adjudicaci\u00f3n de Licitaci\u00f3n de la Etapa de Dise\u00f1o del Proyecto \u00abRestauraci\u00f3n iglesia, convento y museo Colonial San&hellip;<\/p>\n","protected":false},"author":1,"featured_media":6531,"comment_status":"closed","ping_status":"open","sticky":false,"template":"","format":"standard","meta":[],"categories":[5,8],"tags":[],"_links":{"self":[{"href":"https:\/\/obispadosanfelipe.cl\/2020\/wp-json\/wp\/v2\/posts\/6530"}],"collection":[{"href":"https:\/\/obispadosanfelipe.cl\/2020\/wp-json\/wp\/v2\/posts"}],"about":[{"href":"https:\/\/obispadosanfelipe.cl\/2020\/wp-json\/wp\/v2\/types\/post"}],"author":[{"embeddable":true,"href":"https:\/\/obispadosanfelipe.cl\/2020\/wp-json\/wp\/v2\/users\/1"}],"replies":[{"embeddable":true,"href":"https:\/\/obispadosanfelipe.cl\/2020\/wp-json\/wp\/v2\/comments?post=6530"}],"version-history":[{"count":3,"href":"https:\/\/obispadosanfelipe.cl\/2020\/wp-json\/wp\/v2\/posts\/6530\/revisions"}],"predecessor-version":[{"id":6534,"href":"https:\/\/obispadosanfelipe.cl\/2020\/wp-json\/wp\/v2\/posts\/6530\/revisions\/6534"}],"wp:featuredmedia":[{"embeddable":true,"href":"https:\/\/obispadosanfelipe.cl\/2020\/wp-json\/wp\/v2\/media\/6531"}],"wp:attachment":[{"href":"https:\/\/obispadosanfelipe.cl\/2020\/wp-json\/wp\/v2\/media?parent=6530"}],"wp:term":[{"taxonomy":"category","embeddable":true,"href":"https:\/\/obispadosanfelipe.cl\/2020\/wp-json\/wp\/v2\/categories?post=6530"},{"taxonomy":"post_tag","embeddable":true,"href":"https:\/\/obispadosanfelipe.cl\/2020\/wp-json\/wp\/v2\/tags?post=6530"}],"curies":[{"name":"wp","href":"https:\/\/api.w.org\/{rel}","templated":true}]}}