{"id":6538,"date":"2021-11-19T08:15:16","date_gmt":"2021-11-19T08:15:16","guid":{"rendered":"https:\/\/obispadosanfelipe.cl\/2020\/?p=6538"},"modified":"2021-11-19T12:16:58","modified_gmt":"2021-11-19T12:16:58","slug":"jovenes-de-rinconada-visitaron-hogar-de-ancianos-emilio-trivelli-y-la-residencia-de-adultos-mayores","status":"publish","type":"post","link":"https:\/\/obispadosanfelipe.cl\/2020\/jovenes-de-rinconada-visitaron-hogar-de-ancianos-emilio-trivelli-y-la-residencia-de-adultos-mayores\/","title":{"rendered":"J\u00f3venes de Rinconada visitaron Hogar de Ancianos Emilio Trivelli y la Residencia de Adultos Mayores"},"content":{"rendered":"<p>J\u00f3venes y estudiantes del Liceo Parroquial Teresita de Los Andes, de Rinconada, que se preparan para recibir el Sacramento de la Confirmaci\u00f3n visitaron este Lunes 15 de Noviembre a los abuelitos del Hogar de Ancianos Emilio Trivelli y la Residencia de Adultos Mayores, compartiendo una tarde llena de fraternidad y alegr\u00eda,<\/p>\n<p>En la ocasi\u00f3n los j\u00f3venes pudieron dialogar con los adultos mayores sobre sus historias, conocer sobre sus an\u00e9cdotas, compartir juegos, cantos y la alegr\u00eda de poder encontrarse.<\/p>\n","protected":false},"excerpt":{"rendered":"<p>J\u00f3venes y estudiantes del Liceo Parroquial Teresita de Los Andes, de Rinconada, que se preparan para recibir el Sacramento de la Confirmaci\u00f3n visitaron este Lunes 15 de Noviembre a los&hellip;<\/p>\n","protected":false},"author":1,"featured_media":6539,"comment_status":"closed","ping_status":"open","sticky":false,"template":"","format":"standard","meta":[],"categories":[51,5,8],"tags":[],"_links":{"self":[{"href":"https:\/\/obispadosanfelipe.cl\/2020\/wp-json\/wp\/v2\/posts\/6538"}],"collection":[{"href":"https:\/\/obispadosanfelipe.cl\/2020\/wp-json\/wp\/v2\/posts"}],"about":[{"href":"https:\/\/obispadosanfelipe.cl\/2020\/wp-json\/wp\/v2\/types\/post"}],"author":[{"embeddable":true,"href":"https:\/\/obispadosanfelipe.cl\/2020\/wp-json\/wp\/v2\/users\/1"}],"replies":[{"embeddable":true,"href":"https:\/\/obispadosanfelipe.cl\/2020\/wp-json\/wp\/v2\/comments?post=6538"}],"version-history":[{"count":1,"href":"https:\/\/obispadosanfelipe.cl\/2020\/wp-json\/wp\/v2\/posts\/6538\/revisions"}],"predecessor-version":[{"id":6541,"href":"https:\/\/obispadosanfelipe.cl\/2020\/wp-json\/wp\/v2\/posts\/6538\/revisions\/6541"}],"wp:featuredmedia":[{"embeddable":true,"href":"https:\/\/obispadosanfelipe.cl\/2020\/wp-json\/wp\/v2\/media\/6539"}],"wp:attachment":[{"href":"https:\/\/obispadosanfelipe.cl\/2020\/wp-json\/wp\/v2\/media?parent=6538"}],"wp:term":[{"taxonomy":"category","embeddable":true,"href":"https:\/\/obispadosanfelipe.cl\/2020\/wp-json\/wp\/v2\/categories?post=6538"},{"taxonomy":"post_tag","embeddable":true,"href":"https:\/\/obispadosanfelipe.cl\/2020\/wp-json\/wp\/v2\/tags?post=6538"}],"curies":[{"name":"wp","href":"https:\/\/api.w.org\/{rel}","templated":true}]}}