{"id":6683,"date":"2022-01-11T17:33:27","date_gmt":"2022-01-11T17:33:27","guid":{"rendered":"https:\/\/obispadosanfelipe.cl\/2020\/?p=6683"},"modified":"2022-01-11T17:33:27","modified_gmt":"2022-01-11T17:33:27","slug":"lanzamiento-del-libro-semblanza-de-josefa-misionera-infatigable","status":"publish","type":"post","link":"https:\/\/obispadosanfelipe.cl\/2020\/lanzamiento-del-libro-semblanza-de-josefa-misionera-infatigable\/","title":{"rendered":"Lanzamiento del libro \u201cSemblanza de Josefa Misionera Infatigable\u201d"},"content":{"rendered":"<p>El Centro de Espiritualidad Buen Pastor de San Felipe, como parte de nuestra di\u00f3cesis\u00a0 hace una invitaci\u00f3n al lanzamiento del libro \u201cSemblanza de Josefa Misionera Infatigable\u201d de la autora Hna. Mar\u00eda Ang\u00e9lica Guzm\u00e1n Vicu\u00f1a.<\/p>\n<p>Este libro relata la vida y obra de la Madre San Agust\u00edn (Josefa Fern\u00e1ndez Concha) y la misi\u00f3n que desde el coraz\u00f3n de San Felipe, como primera casa fundada por la Congregaci\u00f3n de Nuestra Se\u00f1ora de la Caridad del Buen Pastor, sembr\u00f3 semillas de misericordia en Argentina, Paraguay, Uruguay y Brasil.<\/p>\n<p>Les invitamos con mucho cari\u00f1o a hacer memoria agradecida de una mujer valiente, decidida y con gran confianza en Dios que llev\u00f3 la misi\u00f3n del Buen Pastor fuera de nuestro pa\u00eds, con el fin de empoderar a aquellas mujeres, adolescentes y ni\u00f1as vulneradas.<\/p>\n<p>JUEVES 13 DE ENERO 19:00 HORAS \u2013 VIA FACEBOOK LIVE<\/p>\n<p>(<a href=\"https:\/\/www.facebook.com\/congregacionbuenpastor\">https:\/\/www.facebook.com\/congregacionbuenpastor<\/a>)<\/p>\n","protected":false},"excerpt":{"rendered":"<p>El Centro de Espiritualidad Buen Pastor de San Felipe, como parte de nuestra di\u00f3cesis\u00a0 hace una invitaci\u00f3n al lanzamiento del libro \u201cSemblanza de Josefa Misionera Infatigable\u201d de la autora Hna.&hellip;<\/p>\n","protected":false},"author":1,"featured_media":6684,"comment_status":"closed","ping_status":"open","sticky":false,"template":"","format":"standard","meta":[],"categories":[8],"tags":[],"_links":{"self":[{"href":"https:\/\/obispadosanfelipe.cl\/2020\/wp-json\/wp\/v2\/posts\/6683"}],"collection":[{"href":"https:\/\/obispadosanfelipe.cl\/2020\/wp-json\/wp\/v2\/posts"}],"about":[{"href":"https:\/\/obispadosanfelipe.cl\/2020\/wp-json\/wp\/v2\/types\/post"}],"author":[{"embeddable":true,"href":"https:\/\/obispadosanfelipe.cl\/2020\/wp-json\/wp\/v2\/users\/1"}],"replies":[{"embeddable":true,"href":"https:\/\/obispadosanfelipe.cl\/2020\/wp-json\/wp\/v2\/comments?post=6683"}],"version-history":[{"count":1,"href":"https:\/\/obispadosanfelipe.cl\/2020\/wp-json\/wp\/v2\/posts\/6683\/revisions"}],"predecessor-version":[{"id":6685,"href":"https:\/\/obispadosanfelipe.cl\/2020\/wp-json\/wp\/v2\/posts\/6683\/revisions\/6685"}],"wp:featuredmedia":[{"embeddable":true,"href":"https:\/\/obispadosanfelipe.cl\/2020\/wp-json\/wp\/v2\/media\/6684"}],"wp:attachment":[{"href":"https:\/\/obispadosanfelipe.cl\/2020\/wp-json\/wp\/v2\/media?parent=6683"}],"wp:term":[{"taxonomy":"category","embeddable":true,"href":"https:\/\/obispadosanfelipe.cl\/2020\/wp-json\/wp\/v2\/categories?post=6683"},{"taxonomy":"post_tag","embeddable":true,"href":"https:\/\/obispadosanfelipe.cl\/2020\/wp-json\/wp\/v2\/tags?post=6683"}],"curies":[{"name":"wp","href":"https:\/\/api.w.org\/{rel}","templated":true}]}}