{"id":6686,"date":"2022-01-10T17:48:16","date_gmt":"2022-01-10T17:48:16","guid":{"rendered":"https:\/\/obispadosanfelipe.cl\/2020\/?p=6686"},"modified":"2022-01-11T17:50:45","modified_gmt":"2022-01-11T17:50:45","slug":"celebracion-eucaristica-de-los-movimientos-organizada-por-delegacion-de-la-familia","status":"publish","type":"post","link":"https:\/\/obispadosanfelipe.cl\/2020\/celebracion-eucaristica-de-los-movimientos-organizada-por-delegacion-de-la-familia\/","title":{"rendered":"Celebraci\u00f3n Eucar\u00edstica de los Movimientos Organizada por Delegaci\u00f3n de la Familia"},"content":{"rendered":"<div class=\"kvgmc6g5 cxmmr5t8 oygrvhab hcukyx3x c1et5uql ii04i59q\">\n<h4 dir=\"auto\"><em><strong>Celebraci\u00f3n eucar\u00edstica se vivi\u00f3 este domingo 09 de enero desde la Gruta del Buen Pastor, con participaci\u00f3n de m\u00e1s de 100 personas, organizada por la delegaci\u00f3n de la Familia y los Movimientos de la Di\u00f3cesis.<\/strong><\/em><\/h4>\n<hr \/>\n<div dir=\"auto\"><\/div>\n<div dir=\"auto\"><\/div>\n<\/div>\n<div class=\"cxmmr5t8 oygrvhab hcukyx3x c1et5uql o9v6fnle ii04i59q\">\n<div dir=\"auto\">Bajo el Lema \u00abJes\u00fas al encuentro de Nuestras Comunidades\u00bb y como un \u00e9xito fue catalogado el primer encuentro eucar\u00edstico del a\u00f1o 2022 organizado por la delegaci\u00f3n de la familia que buscaba reunir a todos los movimientos apost\u00f3licos que hacen presencia en nuestra di\u00f3cesis, y que estos \u00faltimos respondieron con presencia y participaci\u00f3n.<\/div>\n<\/div>\n<div dir=\"auto\"><\/div>\n<div dir=\"auto\"><\/div>\n<div class=\"cxmmr5t8 oygrvhab hcukyx3x c1et5uql o9v6fnle ii04i59q\">\n<div dir=\"auto\">La misa dio inicio a las 19:30 Hrs, y fue presidida por nuestro pastor diocesano, padre obispo Gonzalo Bravo. Adem\u00e1s, esta linda celebraci\u00f3n tuvo diferentes signos y la realizaci\u00f3n fue participativa de los movimientos, desde la bienvenida al p\u00fablico asistente, los gu\u00edas de la eucarist\u00eda, el coro, y ofertorio en que cada movimiento presento una ofrenda que representa a su movimiento.<\/div>\n<\/div>\n<div dir=\"auto\"><\/div>\n<div class=\"cxmmr5t8 oygrvhab hcukyx3x c1et5uql o9v6fnle ii04i59q\">\n<div dir=\"auto\"><\/div>\n<\/div>\n<div class=\"cxmmr5t8 oygrvhab hcukyx3x c1et5uql o9v6fnle ii04i59q\">\n<div dir=\"auto\">Al finalizar los delegados episcopales de la familia, Pilar B\u00e1ez y Andr\u00e9s Figari agradecieron a los movimientos por este encuentro en que se han reunido como familia , siendo una sola iglesia. Invitando a abrir su coraz\u00f3n a estas instancias y seguir participando de las actividades a futuro.<\/div>\n<\/div>\n<div dir=\"auto\"><\/div>\n<div dir=\"auto\"><\/div>\n<div class=\"cxmmr5t8 oygrvhab hcukyx3x c1et5uql o9v6fnle ii04i59q\">\n<div dir=\"auto\">Mientras que nuestro pastor, Padre Gonzalo Bravo, al finalizar la Santa Eucarist\u00eda, hizo un llamado a los movimientos y delegaci\u00f3n a seguir por esta senda del compartir y seguir unidos. A abrir los l\u00edmites de cada movimiento para invitar a otros a ser parte de sus corrientes cristianas que tanto bien hacen en nuestra Di\u00f3cesis.<\/div>\n<\/div>\n<div dir=\"auto\"><\/div>\n<div dir=\"auto\"><\/div>\n<div dir=\"auto\">\n\n\t\t\t<style type='text\/css'>\n\t\t\t\t#gallery-1 {\n\t\t\t\t\tmargin: auto;\n\t\t\t\t}\n\t\t\t\t#gallery-1 .gallery-item {\n\t\t\t\t\tfloat: left;\n\t\t\t\t\tmargin-top: 10px;\n\t\t\t\t\ttext-align: center;\n\t\t\t\t\twidth: 33%;\n\t\t\t\t}\n\t\t\t\t#gallery-1 img {\n\t\t\t\t\tborder: 2px solid #cfcfcf;\n\t\t\t\t}\n\t\t\t\t#gallery-1 .gallery-caption {\n\t\t\t\t\tmargin-left: 0;\n\t\t\t\t}\n\t\t\t\t\/* see gallery_shortcode() in wp-includes\/media.php *\/\n\t\t\t<\/style>\n\t\t<div id='gallery-1' class='dt-gallery-container gallery galleryid-6686 gallery-columns-3 gallery-size-large'><dl class='gallery-item'>\n\t\t\t\t<dt class='gallery-icon landscape'>\n\t\t\t\t\t<a class=\"rollover\" href='https:\/\/obispadosanfelipe.cl\/2020\/celebracion-eucaristica-de-los-movimientos-organizada-por-delegacion-de-la-familia\/271765209_4738520659564824_6030442966372841401_n\/'><img width=\"1024\" height=\"768\" src=\"https:\/\/obispadosanfelipe.cl\/2020\/wp-content\/uploads\/2022\/01\/271765209_4738520659564824_6030442966372841401_n-1024x768.jpg\" class=\"attachment-large size-large\" alt=\"\" loading=\"lazy\" srcset=\"https:\/\/obispadosanfelipe.cl\/2020\/wp-content\/uploads\/2022\/01\/271765209_4738520659564824_6030442966372841401_n-1024x768.jpg 1024w, https:\/\/obispadosanfelipe.cl\/2020\/wp-content\/uploads\/2022\/01\/271765209_4738520659564824_6030442966372841401_n-300x225.jpg 300w, https:\/\/obispadosanfelipe.cl\/2020\/wp-content\/uploads\/2022\/01\/271765209_4738520659564824_6030442966372841401_n-768x576.jpg 768w, https:\/\/obispadosanfelipe.cl\/2020\/wp-content\/uploads\/2022\/01\/271765209_4738520659564824_6030442966372841401_n-1536x1152.jpg 1536w, https:\/\/obispadosanfelipe.cl\/2020\/wp-content\/uploads\/2022\/01\/271765209_4738520659564824_6030442966372841401_n.jpg 2000w\" sizes=\"(max-width: 1024px) 100vw, 1024px\" \/><\/a>\n\t\t\t\t<\/dt><\/dl><dl class='gallery-item'>\n\t\t\t\t<dt class='gallery-icon landscape'>\n\t\t\t\t\t<a class=\"rollover\" href='https:\/\/obispadosanfelipe.cl\/2020\/celebracion-eucaristica-de-los-movimientos-organizada-por-delegacion-de-la-familia\/271773656_4738520519564838_5637647837405073842_n\/'><img width=\"1024\" height=\"768\" src=\"https:\/\/obispadosanfelipe.cl\/2020\/wp-content\/uploads\/2022\/01\/271773656_4738520519564838_5637647837405073842_n-1024x768.jpg\" class=\"attachment-large size-large\" alt=\"\" loading=\"lazy\" srcset=\"https:\/\/obispadosanfelipe.cl\/2020\/wp-content\/uploads\/2022\/01\/271773656_4738520519564838_5637647837405073842_n-1024x768.jpg 1024w, https:\/\/obispadosanfelipe.cl\/2020\/wp-content\/uploads\/2022\/01\/271773656_4738520519564838_5637647837405073842_n-300x225.jpg 300w, https:\/\/obispadosanfelipe.cl\/2020\/wp-content\/uploads\/2022\/01\/271773656_4738520519564838_5637647837405073842_n-768x576.jpg 768w, https:\/\/obispadosanfelipe.cl\/2020\/wp-content\/uploads\/2022\/01\/271773656_4738520519564838_5637647837405073842_n-1536x1152.jpg 1536w, https:\/\/obispadosanfelipe.cl\/2020\/wp-content\/uploads\/2022\/01\/271773656_4738520519564838_5637647837405073842_n.jpg 2016w\" sizes=\"(max-width: 1024px) 100vw, 1024px\" \/><\/a>\n\t\t\t\t<\/dt><\/dl><dl class='gallery-item'>\n\t\t\t\t<dt class='gallery-icon landscape'>\n\t\t\t\t\t<a class=\"rollover\" href='https:\/\/obispadosanfelipe.cl\/2020\/celebracion-eucaristica-de-los-movimientos-organizada-por-delegacion-de-la-familia\/271743781_4738520382898185_5488864502955030721_n\/'><img width=\"1024\" height=\"768\" src=\"https:\/\/obispadosanfelipe.cl\/2020\/wp-content\/uploads\/2022\/01\/271743781_4738520382898185_5488864502955030721_n-1024x768.jpg\" class=\"attachment-large size-large\" alt=\"\" loading=\"lazy\" srcset=\"https:\/\/obispadosanfelipe.cl\/2020\/wp-content\/uploads\/2022\/01\/271743781_4738520382898185_5488864502955030721_n-1024x768.jpg 1024w, https:\/\/obispadosanfelipe.cl\/2020\/wp-content\/uploads\/2022\/01\/271743781_4738520382898185_5488864502955030721_n-300x225.jpg 300w, https:\/\/obispadosanfelipe.cl\/2020\/wp-content\/uploads\/2022\/01\/271743781_4738520382898185_5488864502955030721_n-768x576.jpg 768w, https:\/\/obispadosanfelipe.cl\/2020\/wp-content\/uploads\/2022\/01\/271743781_4738520382898185_5488864502955030721_n-1536x1152.jpg 1536w, https:\/\/obispadosanfelipe.cl\/2020\/wp-content\/uploads\/2022\/01\/271743781_4738520382898185_5488864502955030721_n.jpg 2016w\" sizes=\"(max-width: 1024px) 100vw, 1024px\" \/><\/a>\n\t\t\t\t<\/dt><\/dl><br style=\"clear: both\" \/><dl class='gallery-item'>\n\t\t\t\t<dt class='gallery-icon landscape'>\n\t\t\t\t\t<a class=\"rollover\" href='https:\/\/obispadosanfelipe.cl\/2020\/celebracion-eucaristica-de-los-movimientos-organizada-por-delegacion-de-la-familia\/271744022_4738520279564862_440235554261461605_n\/'><img width=\"1024\" height=\"768\" src=\"https:\/\/obispadosanfelipe.cl\/2020\/wp-content\/uploads\/2022\/01\/271744022_4738520279564862_440235554261461605_n-1024x768.jpg\" class=\"attachment-large size-large\" alt=\"\" loading=\"lazy\" srcset=\"https:\/\/obispadosanfelipe.cl\/2020\/wp-content\/uploads\/2022\/01\/271744022_4738520279564862_440235554261461605_n-1024x768.jpg 1024w, https:\/\/obispadosanfelipe.cl\/2020\/wp-content\/uploads\/2022\/01\/271744022_4738520279564862_440235554261461605_n-300x225.jpg 300w, https:\/\/obispadosanfelipe.cl\/2020\/wp-content\/uploads\/2022\/01\/271744022_4738520279564862_440235554261461605_n-768x576.jpg 768w, https:\/\/obispadosanfelipe.cl\/2020\/wp-content\/uploads\/2022\/01\/271744022_4738520279564862_440235554261461605_n-1536x1152.jpg 1536w, https:\/\/obispadosanfelipe.cl\/2020\/wp-content\/uploads\/2022\/01\/271744022_4738520279564862_440235554261461605_n.jpg 2000w\" sizes=\"(max-width: 1024px) 100vw, 1024px\" \/><\/a>\n\t\t\t\t<\/dt><\/dl><dl class='gallery-item'>\n\t\t\t\t<dt class='gallery-icon landscape'>\n\t\t\t\t\t<a class=\"rollover\" href='https:\/\/obispadosanfelipe.cl\/2020\/celebracion-eucaristica-de-los-movimientos-organizada-por-delegacion-de-la-familia\/271812714_4738519942898229_2028389504319365320_n\/'><img width=\"1024\" height=\"768\" src=\"https:\/\/obispadosanfelipe.cl\/2020\/wp-content\/uploads\/2022\/01\/271812714_4738519942898229_2028389504319365320_n-1024x768.jpg\" class=\"attachment-large size-large\" alt=\"\" loading=\"lazy\" srcset=\"https:\/\/obispadosanfelipe.cl\/2020\/wp-content\/uploads\/2022\/01\/271812714_4738519942898229_2028389504319365320_n-1024x768.jpg 1024w, https:\/\/obispadosanfelipe.cl\/2020\/wp-content\/uploads\/2022\/01\/271812714_4738519942898229_2028389504319365320_n-300x225.jpg 300w, https:\/\/obispadosanfelipe.cl\/2020\/wp-content\/uploads\/2022\/01\/271812714_4738519942898229_2028389504319365320_n-768x576.jpg 768w, https:\/\/obispadosanfelipe.cl\/2020\/wp-content\/uploads\/2022\/01\/271812714_4738519942898229_2028389504319365320_n-1536x1152.jpg 1536w, https:\/\/obispadosanfelipe.cl\/2020\/wp-content\/uploads\/2022\/01\/271812714_4738519942898229_2028389504319365320_n.jpg 2016w\" sizes=\"(max-width: 1024px) 100vw, 1024px\" \/><\/a>\n\t\t\t\t<\/dt><\/dl><dl class='gallery-item'>\n\t\t\t\t<dt class='gallery-icon landscape'>\n\t\t\t\t\t<a class=\"rollover\" href='https:\/\/obispadosanfelipe.cl\/2020\/celebracion-eucaristica-de-los-movimientos-organizada-por-delegacion-de-la-familia\/271784443_4738519846231572_4787684847664185657_n\/'><img width=\"1024\" height=\"768\" src=\"https:\/\/obispadosanfelipe.cl\/2020\/wp-content\/uploads\/2022\/01\/271784443_4738519846231572_4787684847664185657_n-1024x768.jpg\" class=\"attachment-large size-large\" alt=\"\" loading=\"lazy\" srcset=\"https:\/\/obispadosanfelipe.cl\/2020\/wp-content\/uploads\/2022\/01\/271784443_4738519846231572_4787684847664185657_n-1024x768.jpg 1024w, https:\/\/obispadosanfelipe.cl\/2020\/wp-content\/uploads\/2022\/01\/271784443_4738519846231572_4787684847664185657_n-300x225.jpg 300w, https:\/\/obispadosanfelipe.cl\/2020\/wp-content\/uploads\/2022\/01\/271784443_4738519846231572_4787684847664185657_n-768x576.jpg 768w, https:\/\/obispadosanfelipe.cl\/2020\/wp-content\/uploads\/2022\/01\/271784443_4738519846231572_4787684847664185657_n-1536x1152.jpg 1536w, https:\/\/obispadosanfelipe.cl\/2020\/wp-content\/uploads\/2022\/01\/271784443_4738519846231572_4787684847664185657_n.jpg 2016w\" sizes=\"(max-width: 1024px) 100vw, 1024px\" \/><\/a>\n\t\t\t\t<\/dt><\/dl><br style=\"clear: both\" \/><dl class='gallery-item'>\n\t\t\t\t<dt class='gallery-icon landscape'>\n\t\t\t\t\t<a class=\"rollover\" href='https:\/\/obispadosanfelipe.cl\/2020\/celebracion-eucaristica-de-los-movimientos-organizada-por-delegacion-de-la-familia\/271661461_4738519679564922_4627324783483248031_n\/'><img width=\"1024\" height=\"768\" src=\"https:\/\/obispadosanfelipe.cl\/2020\/wp-content\/uploads\/2022\/01\/271661461_4738519679564922_4627324783483248031_n-1024x768.jpg\" class=\"attachment-large size-large\" alt=\"\" loading=\"lazy\" srcset=\"https:\/\/obispadosanfelipe.cl\/2020\/wp-content\/uploads\/2022\/01\/271661461_4738519679564922_4627324783483248031_n-1024x768.jpg 1024w, https:\/\/obispadosanfelipe.cl\/2020\/wp-content\/uploads\/2022\/01\/271661461_4738519679564922_4627324783483248031_n-300x225.jpg 300w, https:\/\/obispadosanfelipe.cl\/2020\/wp-content\/uploads\/2022\/01\/271661461_4738519679564922_4627324783483248031_n-768x576.jpg 768w, https:\/\/obispadosanfelipe.cl\/2020\/wp-content\/uploads\/2022\/01\/271661461_4738519679564922_4627324783483248031_n-1536x1152.jpg 1536w, https:\/\/obispadosanfelipe.cl\/2020\/wp-content\/uploads\/2022\/01\/271661461_4738519679564922_4627324783483248031_n.jpg 2016w\" sizes=\"(max-width: 1024px) 100vw, 1024px\" \/><\/a>\n\t\t\t\t<\/dt><\/dl><dl class='gallery-item'>\n\t\t\t\t<dt class='gallery-icon landscape'>\n\t\t\t\t\t<a class=\"rollover\" href='https:\/\/obispadosanfelipe.cl\/2020\/celebracion-eucaristica-de-los-movimientos-organizada-por-delegacion-de-la-familia\/269977189_4738519546231602_4697343847073061873_n\/'><img width=\"1024\" height=\"768\" src=\"https:\/\/obispadosanfelipe.cl\/2020\/wp-content\/uploads\/2022\/01\/269977189_4738519546231602_4697343847073061873_n-1024x768.jpg\" class=\"attachment-large size-large\" alt=\"\" loading=\"lazy\" srcset=\"https:\/\/obispadosanfelipe.cl\/2020\/wp-content\/uploads\/2022\/01\/269977189_4738519546231602_4697343847073061873_n-1024x768.jpg 1024w, https:\/\/obispadosanfelipe.cl\/2020\/wp-content\/uploads\/2022\/01\/269977189_4738519546231602_4697343847073061873_n-300x225.jpg 300w, https:\/\/obispadosanfelipe.cl\/2020\/wp-content\/uploads\/2022\/01\/269977189_4738519546231602_4697343847073061873_n-768x576.jpg 768w, https:\/\/obispadosanfelipe.cl\/2020\/wp-content\/uploads\/2022\/01\/269977189_4738519546231602_4697343847073061873_n-1536x1152.jpg 1536w, https:\/\/obispadosanfelipe.cl\/2020\/wp-content\/uploads\/2022\/01\/269977189_4738519546231602_4697343847073061873_n.jpg 2016w\" sizes=\"(max-width: 1024px) 100vw, 1024px\" \/><\/a>\n\t\t\t\t<\/dt><\/dl>\n\t\t\t\t<br style='clear: both' \/>\n\t\t\t<\/div>\n\n<\/div>\n","protected":false},"excerpt":{"rendered":"<p>Celebraci\u00f3n eucar\u00edstica se vivi\u00f3 este domingo 09 de enero desde la Gruta del Buen Pastor, con participaci\u00f3n de m\u00e1s de 100 personas, organizada por la delegaci\u00f3n de la Familia y&hellip;<\/p>\n","protected":false},"author":1,"featured_media":6687,"comment_status":"closed","ping_status":"open","sticky":false,"template":"","format":"standard","meta":[],"categories":[8],"tags":[],"_links":{"self":[{"href":"https:\/\/obispadosanfelipe.cl\/2020\/wp-json\/wp\/v2\/posts\/6686"}],"collection":[{"href":"https:\/\/obispadosanfelipe.cl\/2020\/wp-json\/wp\/v2\/posts"}],"about":[{"href":"https:\/\/obispadosanfelipe.cl\/2020\/wp-json\/wp\/v2\/types\/post"}],"author":[{"embeddable":true,"href":"https:\/\/obispadosanfelipe.cl\/2020\/wp-json\/wp\/v2\/users\/1"}],"replies":[{"embeddable":true,"href":"https:\/\/obispadosanfelipe.cl\/2020\/wp-json\/wp\/v2\/comments?post=6686"}],"version-history":[{"count":3,"href":"https:\/\/obispadosanfelipe.cl\/2020\/wp-json\/wp\/v2\/posts\/6686\/revisions"}],"predecessor-version":[{"id":6698,"href":"https:\/\/obispadosanfelipe.cl\/2020\/wp-json\/wp\/v2\/posts\/6686\/revisions\/6698"}],"wp:featuredmedia":[{"embeddable":true,"href":"https:\/\/obispadosanfelipe.cl\/2020\/wp-json\/wp\/v2\/media\/6687"}],"wp:attachment":[{"href":"https:\/\/obispadosanfelipe.cl\/2020\/wp-json\/wp\/v2\/media?parent=6686"}],"wp:term":[{"taxonomy":"category","embeddable":true,"href":"https:\/\/obispadosanfelipe.cl\/2020\/wp-json\/wp\/v2\/categories?post=6686"},{"taxonomy":"post_tag","embeddable":true,"href":"https:\/\/obispadosanfelipe.cl\/2020\/wp-json\/wp\/v2\/tags?post=6686"}],"curies":[{"name":"wp","href":"https:\/\/api.w.org\/{rel}","templated":true}]}}