{"id":6699,"date":"2022-01-17T19:56:56","date_gmt":"2022-01-17T19:56:56","guid":{"rendered":"https:\/\/obispadosanfelipe.cl\/2020\/?p=6699"},"modified":"2022-02-21T20:07:39","modified_gmt":"2022-02-21T20:07:39","slug":"semana-de-formacion-teologica-pastoral-2022-se-realizo-poniendo-el-foco-en-la-sinodalidad","status":"publish","type":"post","link":"https:\/\/obispadosanfelipe.cl\/2020\/semana-de-formacion-teologica-pastoral-2022-se-realizo-poniendo-el-foco-en-la-sinodalidad\/","title":{"rendered":"Semana de Formaci\u00f3n Teol\u00f3gica Pastoral 2022 se realiz\u00f3 poniendo el foco en la Sinodalidad"},"content":{"rendered":"<h4><em>Desde el 3 al 14 de enero se realiz\u00f3 la semana Teol\u00f3gico Pastoral, iniciativa organizada por la comisi\u00f3n de Formaci\u00f3n de la Delegaci\u00f3n de Agentes Evangelizadores y que cont\u00f3 con una serie de invitados que reflexionaron sobre la Sinodalidad y el caminar del Pueblo de Dios.<\/em><\/h4>\n<p>&nbsp;<\/p>\n<p>Agradecemos a las personas y comunidades que se conectaron durante estas dos semanas, fueron m\u00e1s de 200 personas reunidas tanto de manera presencial y virtual a trav\u00e9s de Zoom y del Facebook de la di\u00f3cesis de San Felipe, las primeras dos semanas de enero se desarroll\u00f3 la Escuela de Formaci\u00f3n 2022, que cont\u00f3 con la participaci\u00f3n de distintos expositores que d\u00eda a d\u00eda profundizaban en distintos aspectos de la sinodalidad.<\/p>\n<p>En el desarrollo de estas dos semanas se cont\u00f3 con la participaci\u00f3n de nueve expositores quienes trabajaron la sinodalidad desde diversas perspectivas: con una panor\u00e1mica desde el Antiguo y Nuevo Testamento el padre Gonzalo Bravo \u00c1lvarez, obispo de San Felipe; el tercer y cuarto d\u00eda estuvo a cargo de la hermana Licarayen Torres, op y el fraile Ignacio Castro, op, quienes nos invitaron a ser parte de este Pueblo de Dios que est\u00e1 llamado a caminar. Para terminar la primera semana colocando la mirada en el llamado de Dios a que seamos un Pueblo que debe caminar juntos, y estuvo a cargo de Karen Gonz\u00e1lez y Francisca Guerra.<\/p>\n<p>La segunda semana de car\u00e1cter mucho m\u00e1s pastoral estuvo a cargo los primeros d\u00edas de Marcela Algaze y el padre Renzo Ramelli, quienes nos presentaron el caminar hacia la tercera Asamblea Nacional y como debemos caminar hacia ella en sinodalidad; el d\u00eda mi\u00e9rcoles 12 fue el d\u00eda de profundizar en lo que significa la sinodalidad en lo cotidiano, que estuvo a cargo del padre Fabi\u00e1n Castro; el d\u00eda jueves 13 estuvo el padre Crist\u00f3bal Miranda, quien nos dio pistas para el discernimiento.<\/p>\n<p>Las dos semanas terminaron con un encuentro de oraci\u00f3n que nos permiti\u00f3 decantar lo vivido y colocar en las manos de Dios todo este tiempo de camino hacia la tercera Asamblea Nacional y el S\u00ednodo.<\/p>\n<p>La gente agradeci\u00f3 la instancia de conversaci\u00f3n que genera la Semana de Formaci\u00f3n, destacando la participaci\u00f3n de la comunidad y la variedad de expositores que se presentaron durante estas dos semanas.<\/p>\n<p>&nbsp;<\/p>\n\n\t\t\t<style type='text\/css'>\n\t\t\t\t#gallery-1 {\n\t\t\t\t\tmargin: auto;\n\t\t\t\t}\n\t\t\t\t#gallery-1 .gallery-item {\n\t\t\t\t\tfloat: left;\n\t\t\t\t\tmargin-top: 10px;\n\t\t\t\t\ttext-align: center;\n\t\t\t\t\twidth: 33%;\n\t\t\t\t}\n\t\t\t\t#gallery-1 img {\n\t\t\t\t\tborder: 2px solid #cfcfcf;\n\t\t\t\t}\n\t\t\t\t#gallery-1 .gallery-caption {\n\t\t\t\t\tmargin-left: 0;\n\t\t\t\t}\n\t\t\t\t\/* see gallery_shortcode() in wp-includes\/media.php *\/\n\t\t\t<\/style>\n\t\t<div id='gallery-1' class='dt-gallery-container gallery galleryid-6699 gallery-columns-3 gallery-size-thumbnail'><dl class='gallery-item'>\n\t\t\t\t<dt class='gallery-icon landscape'>\n\t\t\t\t\t<a class=\"rollover rollover-zoom dt-pswp-item\" title=\"WhatsApp Image 2022-02-21 at 17.05.30 (14)\" data-dt-img-description=\"\" data-large_image_width=\"1280\" data-large_image_height=\"960\"href='https:\/\/obispadosanfelipe.cl\/2020\/wp-content\/uploads\/2022\/02\/WhatsApp-Image-2022-02-21-at-17.05.30-14.jpeg'><img width=\"150\" height=\"150\" src=\"https:\/\/obispadosanfelipe.cl\/2020\/wp-content\/uploads\/2022\/02\/WhatsApp-Image-2022-02-21-at-17.05.30-14-150x150.jpeg\" class=\"attachment-thumbnail size-thumbnail\" alt=\"\" loading=\"lazy\" \/><\/a>\n\t\t\t\t<\/dt><\/dl><dl class='gallery-item'>\n\t\t\t\t<dt class='gallery-icon landscape'>\n\t\t\t\t\t<a class=\"rollover rollover-zoom dt-pswp-item\" title=\"WhatsApp Image 2022-02-21 at 17.05.30 (13)\" data-dt-img-description=\"\" data-large_image_width=\"1280\" data-large_image_height=\"960\"href='https:\/\/obispadosanfelipe.cl\/2020\/wp-content\/uploads\/2022\/02\/WhatsApp-Image-2022-02-21-at-17.05.30-13.jpeg'><img width=\"150\" height=\"150\" src=\"https:\/\/obispadosanfelipe.cl\/2020\/wp-content\/uploads\/2022\/02\/WhatsApp-Image-2022-02-21-at-17.05.30-13-150x150.jpeg\" class=\"attachment-thumbnail size-thumbnail\" alt=\"\" loading=\"lazy\" \/><\/a>\n\t\t\t\t<\/dt><\/dl><dl class='gallery-item'>\n\t\t\t\t<dt class='gallery-icon landscape'>\n\t\t\t\t\t<a class=\"rollover rollover-zoom dt-pswp-item\" title=\"WhatsApp Image 2022-02-21 at 17.05.30 (12)\" data-dt-img-description=\"\" data-large_image_width=\"1280\" data-large_image_height=\"960\"href='https:\/\/obispadosanfelipe.cl\/2020\/wp-content\/uploads\/2022\/02\/WhatsApp-Image-2022-02-21-at-17.05.30-12.jpeg'><img width=\"150\" height=\"150\" src=\"https:\/\/obispadosanfelipe.cl\/2020\/wp-content\/uploads\/2022\/02\/WhatsApp-Image-2022-02-21-at-17.05.30-12-150x150.jpeg\" class=\"attachment-thumbnail size-thumbnail\" alt=\"\" loading=\"lazy\" \/><\/a>\n\t\t\t\t<\/dt><\/dl><br style=\"clear: both\" \/><dl class='gallery-item'>\n\t\t\t\t<dt class='gallery-icon landscape'>\n\t\t\t\t\t<a class=\"rollover rollover-zoom dt-pswp-item\" title=\"WhatsApp Image 2022-02-21 at 17.05.30 (11)\" data-dt-img-description=\"\" data-large_image_width=\"1280\" data-large_image_height=\"960\"href='https:\/\/obispadosanfelipe.cl\/2020\/wp-content\/uploads\/2022\/02\/WhatsApp-Image-2022-02-21-at-17.05.30-11.jpeg'><img width=\"150\" height=\"150\" src=\"https:\/\/obispadosanfelipe.cl\/2020\/wp-content\/uploads\/2022\/02\/WhatsApp-Image-2022-02-21-at-17.05.30-11-150x150.jpeg\" class=\"attachment-thumbnail size-thumbnail\" alt=\"\" loading=\"lazy\" \/><\/a>\n\t\t\t\t<\/dt><\/dl><dl class='gallery-item'>\n\t\t\t\t<dt class='gallery-icon landscape'>\n\t\t\t\t\t<a class=\"rollover rollover-zoom dt-pswp-item\" title=\"WhatsApp Image 2022-02-21 at 17.05.30 (10)\" data-dt-img-description=\"\" data-large_image_width=\"1280\" data-large_image_height=\"960\"href='https:\/\/obispadosanfelipe.cl\/2020\/wp-content\/uploads\/2022\/02\/WhatsApp-Image-2022-02-21-at-17.05.30-10.jpeg'><img width=\"150\" height=\"150\" src=\"https:\/\/obispadosanfelipe.cl\/2020\/wp-content\/uploads\/2022\/02\/WhatsApp-Image-2022-02-21-at-17.05.30-10-150x150.jpeg\" class=\"attachment-thumbnail size-thumbnail\" alt=\"\" loading=\"lazy\" \/><\/a>\n\t\t\t\t<\/dt><\/dl><dl class='gallery-item'>\n\t\t\t\t<dt class='gallery-icon landscape'>\n\t\t\t\t\t<a class=\"rollover rollover-zoom dt-pswp-item\" title=\"WhatsApp Image 2022-02-21 at 17.05.30 (9)\" data-dt-img-description=\"\" data-large_image_width=\"1280\" data-large_image_height=\"960\"href='https:\/\/obispadosanfelipe.cl\/2020\/wp-content\/uploads\/2022\/02\/WhatsApp-Image-2022-02-21-at-17.05.30-9.jpeg'><img width=\"150\" height=\"150\" src=\"https:\/\/obispadosanfelipe.cl\/2020\/wp-content\/uploads\/2022\/02\/WhatsApp-Image-2022-02-21-at-17.05.30-9-150x150.jpeg\" class=\"attachment-thumbnail size-thumbnail\" alt=\"\" loading=\"lazy\" \/><\/a>\n\t\t\t\t<\/dt><\/dl><br style=\"clear: both\" \/><dl class='gallery-item'>\n\t\t\t\t<dt class='gallery-icon landscape'>\n\t\t\t\t\t<a class=\"rollover rollover-zoom dt-pswp-item\" title=\"WhatsApp Image 2022-02-21 at 17.05.30 (8)\" data-dt-img-description=\"\" data-large_image_width=\"1280\" data-large_image_height=\"960\"href='https:\/\/obispadosanfelipe.cl\/2020\/wp-content\/uploads\/2022\/02\/WhatsApp-Image-2022-02-21-at-17.05.30-8.jpeg'><img width=\"150\" height=\"150\" src=\"https:\/\/obispadosanfelipe.cl\/2020\/wp-content\/uploads\/2022\/02\/WhatsApp-Image-2022-02-21-at-17.05.30-8-150x150.jpeg\" class=\"attachment-thumbnail size-thumbnail\" alt=\"\" loading=\"lazy\" \/><\/a>\n\t\t\t\t<\/dt><\/dl><dl class='gallery-item'>\n\t\t\t\t<dt class='gallery-icon landscape'>\n\t\t\t\t\t<a class=\"rollover rollover-zoom dt-pswp-item\" title=\"WhatsApp Image 2022-02-21 at 17.05.30 (7)\" data-dt-img-description=\"\" data-large_image_width=\"1280\" data-large_image_height=\"960\"href='https:\/\/obispadosanfelipe.cl\/2020\/wp-content\/uploads\/2022\/02\/WhatsApp-Image-2022-02-21-at-17.05.30-7.jpeg'><img width=\"150\" height=\"150\" src=\"https:\/\/obispadosanfelipe.cl\/2020\/wp-content\/uploads\/2022\/02\/WhatsApp-Image-2022-02-21-at-17.05.30-7-150x150.jpeg\" class=\"attachment-thumbnail size-thumbnail\" alt=\"\" loading=\"lazy\" \/><\/a>\n\t\t\t\t<\/dt><\/dl><dl class='gallery-item'>\n\t\t\t\t<dt class='gallery-icon landscape'>\n\t\t\t\t\t<a class=\"rollover rollover-zoom dt-pswp-item\" title=\"WhatsApp Image 2022-02-21 at 17.05.30 (6)\" data-dt-img-description=\"\" data-large_image_width=\"1280\" data-large_image_height=\"960\"href='https:\/\/obispadosanfelipe.cl\/2020\/wp-content\/uploads\/2022\/02\/WhatsApp-Image-2022-02-21-at-17.05.30-6.jpeg'><img width=\"150\" height=\"150\" src=\"https:\/\/obispadosanfelipe.cl\/2020\/wp-content\/uploads\/2022\/02\/WhatsApp-Image-2022-02-21-at-17.05.30-6-150x150.jpeg\" class=\"attachment-thumbnail size-thumbnail\" alt=\"\" loading=\"lazy\" \/><\/a>\n\t\t\t\t<\/dt><\/dl><br style=\"clear: both\" \/><dl class='gallery-item'>\n\t\t\t\t<dt class='gallery-icon landscape'>\n\t\t\t\t\t<a class=\"rollover rollover-zoom dt-pswp-item\" title=\"WhatsApp Image 2022-02-21 at 17.05.30 (5)\" data-dt-img-description=\"\" data-large_image_width=\"1280\" data-large_image_height=\"960\"href='https:\/\/obispadosanfelipe.cl\/2020\/wp-content\/uploads\/2022\/02\/WhatsApp-Image-2022-02-21-at-17.05.30-5.jpeg'><img width=\"150\" height=\"150\" src=\"https:\/\/obispadosanfelipe.cl\/2020\/wp-content\/uploads\/2022\/02\/WhatsApp-Image-2022-02-21-at-17.05.30-5-150x150.jpeg\" class=\"attachment-thumbnail size-thumbnail\" alt=\"\" loading=\"lazy\" \/><\/a>\n\t\t\t\t<\/dt><\/dl><dl class='gallery-item'>\n\t\t\t\t<dt class='gallery-icon landscape'>\n\t\t\t\t\t<a class=\"rollover rollover-zoom dt-pswp-item\" title=\"WhatsApp Image 2022-02-21 at 17.05.30 (4)\" data-dt-img-description=\"\" data-large_image_width=\"1280\" data-large_image_height=\"960\"href='https:\/\/obispadosanfelipe.cl\/2020\/wp-content\/uploads\/2022\/02\/WhatsApp-Image-2022-02-21-at-17.05.30-4.jpeg'><img width=\"150\" height=\"150\" src=\"https:\/\/obispadosanfelipe.cl\/2020\/wp-content\/uploads\/2022\/02\/WhatsApp-Image-2022-02-21-at-17.05.30-4-150x150.jpeg\" class=\"attachment-thumbnail size-thumbnail\" alt=\"\" loading=\"lazy\" \/><\/a>\n\t\t\t\t<\/dt><\/dl><dl class='gallery-item'>\n\t\t\t\t<dt class='gallery-icon landscape'>\n\t\t\t\t\t<a class=\"rollover rollover-zoom dt-pswp-item\" title=\"WhatsApp Image 2022-02-21 at 17.05.30 (3)\" data-dt-img-description=\"\" data-large_image_width=\"1280\" data-large_image_height=\"960\"href='https:\/\/obispadosanfelipe.cl\/2020\/wp-content\/uploads\/2022\/02\/WhatsApp-Image-2022-02-21-at-17.05.30-3.jpeg'><img width=\"150\" height=\"150\" src=\"https:\/\/obispadosanfelipe.cl\/2020\/wp-content\/uploads\/2022\/02\/WhatsApp-Image-2022-02-21-at-17.05.30-3-150x150.jpeg\" class=\"attachment-thumbnail size-thumbnail\" alt=\"\" loading=\"lazy\" \/><\/a>\n\t\t\t\t<\/dt><\/dl><br style=\"clear: both\" \/><dl class='gallery-item'>\n\t\t\t\t<dt class='gallery-icon landscape'>\n\t\t\t\t\t<a class=\"rollover rollover-zoom dt-pswp-item\" title=\"WhatsApp Image 2022-02-21 at 17.05.30 (2)\" data-dt-img-description=\"\" data-large_image_width=\"1280\" data-large_image_height=\"960\"href='https:\/\/obispadosanfelipe.cl\/2020\/wp-content\/uploads\/2022\/02\/WhatsApp-Image-2022-02-21-at-17.05.30-2.jpeg'><img width=\"150\" height=\"150\" src=\"https:\/\/obispadosanfelipe.cl\/2020\/wp-content\/uploads\/2022\/02\/WhatsApp-Image-2022-02-21-at-17.05.30-2-150x150.jpeg\" class=\"attachment-thumbnail size-thumbnail\" alt=\"\" loading=\"lazy\" \/><\/a>\n\t\t\t\t<\/dt><\/dl><dl class='gallery-item'>\n\t\t\t\t<dt class='gallery-icon landscape'>\n\t\t\t\t\t<a class=\"rollover rollover-zoom dt-pswp-item\" title=\"WhatsApp Image 2022-02-21 at 17.05.30 (1)\" data-dt-img-description=\"\" data-large_image_width=\"1280\" data-large_image_height=\"960\"href='https:\/\/obispadosanfelipe.cl\/2020\/wp-content\/uploads\/2022\/02\/WhatsApp-Image-2022-02-21-at-17.05.30-1.jpeg'><img width=\"150\" height=\"150\" src=\"https:\/\/obispadosanfelipe.cl\/2020\/wp-content\/uploads\/2022\/02\/WhatsApp-Image-2022-02-21-at-17.05.30-1-150x150.jpeg\" class=\"attachment-thumbnail size-thumbnail\" alt=\"\" loading=\"lazy\" \/><\/a>\n\t\t\t\t<\/dt><\/dl><dl class='gallery-item'>\n\t\t\t\t<dt class='gallery-icon landscape'>\n\t\t\t\t\t<a class=\"rollover rollover-zoom dt-pswp-item\" title=\"WhatsApp Image 2022-02-21 at 17.05.30\" data-dt-img-description=\"\" data-large_image_width=\"1280\" data-large_image_height=\"960\"href='https:\/\/obispadosanfelipe.cl\/2020\/wp-content\/uploads\/2022\/02\/WhatsApp-Image-2022-02-21-at-17.05.30.jpeg'><img width=\"150\" height=\"150\" src=\"https:\/\/obispadosanfelipe.cl\/2020\/wp-content\/uploads\/2022\/02\/WhatsApp-Image-2022-02-21-at-17.05.30-150x150.jpeg\" class=\"attachment-thumbnail size-thumbnail\" alt=\"\" loading=\"lazy\" \/><\/a>\n\t\t\t\t<\/dt><\/dl><br style=\"clear: both\" \/>\n\t\t\t<\/div>\n\n","protected":false},"excerpt":{"rendered":"<p>Desde el 3 al 14 de enero se realiz\u00f3 la semana Teol\u00f3gico Pastoral, iniciativa organizada por la comisi\u00f3n de Formaci\u00f3n de la Delegaci\u00f3n de Agentes Evangelizadores y que cont\u00f3 con&hellip;<\/p>\n","protected":false},"author":1,"featured_media":6700,"comment_status":"closed","ping_status":"open","sticky":false,"template":"","format":"standard","meta":[],"categories":[8],"tags":[],"_links":{"self":[{"href":"https:\/\/obispadosanfelipe.cl\/2020\/wp-json\/wp\/v2\/posts\/6699"}],"collection":[{"href":"https:\/\/obispadosanfelipe.cl\/2020\/wp-json\/wp\/v2\/posts"}],"about":[{"href":"https:\/\/obispadosanfelipe.cl\/2020\/wp-json\/wp\/v2\/types\/post"}],"author":[{"embeddable":true,"href":"https:\/\/obispadosanfelipe.cl\/2020\/wp-json\/wp\/v2\/users\/1"}],"replies":[{"embeddable":true,"href":"https:\/\/obispadosanfelipe.cl\/2020\/wp-json\/wp\/v2\/comments?post=6699"}],"version-history":[{"count":2,"href":"https:\/\/obispadosanfelipe.cl\/2020\/wp-json\/wp\/v2\/posts\/6699\/revisions"}],"predecessor-version":[{"id":6717,"href":"https:\/\/obispadosanfelipe.cl\/2020\/wp-json\/wp\/v2\/posts\/6699\/revisions\/6717"}],"wp:featuredmedia":[{"embeddable":true,"href":"https:\/\/obispadosanfelipe.cl\/2020\/wp-json\/wp\/v2\/media\/6700"}],"wp:attachment":[{"href":"https:\/\/obispadosanfelipe.cl\/2020\/wp-json\/wp\/v2\/media?parent=6699"}],"wp:term":[{"taxonomy":"category","embeddable":true,"href":"https:\/\/obispadosanfelipe.cl\/2020\/wp-json\/wp\/v2\/categories?post=6699"},{"taxonomy":"post_tag","embeddable":true,"href":"https:\/\/obispadosanfelipe.cl\/2020\/wp-json\/wp\/v2\/tags?post=6699"}],"curies":[{"name":"wp","href":"https:\/\/api.w.org\/{rel}","templated":true}]}}