{"id":6721,"date":"2022-02-01T20:12:53","date_gmt":"2022-02-01T20:12:53","guid":{"rendered":"https:\/\/obispadosanfelipe.cl\/2020\/?p=6721"},"modified":"2022-02-21T20:22:26","modified_gmt":"2022-02-21T20:22:26","slug":"inscribete-en-el-centro-de-formacion-apostol-san-felipe","status":"publish","type":"post","link":"https:\/\/obispadosanfelipe.cl\/2020\/inscribete-en-el-centro-de-formacion-apostol-san-felipe\/","title":{"rendered":"Inscr\u00edbete en el Centro de Formaci\u00f3n Ap\u00f3stol San Felipe"},"content":{"rendered":"<h5><em>La Di\u00f3cesis de San Felipe ofrece a todos los agentes de pastoral un espacio de formaci\u00f3n y reflexi\u00f3n teol\u00f3gico- pastoral, en sinton\u00eda con los nuevos<\/em><br \/>\n<em>tiempos, que les permita profundizar los contenidos fundamentales de la experiencia de encuentro con Jesucristo, en un espacio comunitario y<\/em><br \/>\n<em>fraterno de formaci\u00f3n, fortaleciendo su servicio evangelizador y su propia vivencia del discipulado misionero, respondiendo a la vocaci\u00f3n recibida (Cf.<\/em><br \/>\n<em>DA 14).<\/em><\/h5>\n<p>Se propone este espacio formativo para aquellas personas miembros de comunidades, que deseen profundizar en sus experiencias<br \/>\nde fe, presten o no servicios en sus respectivas comunidades.<\/p>\n<p>De manera especial para acompa\u00f1ar a todos(as) los(as) agentes evangelizadores de nuestras comunidades, quienes<br \/>\nprestan servicios en las mismas escuchando y respondiendo a sus respectivas necesidades.<\/p>\n<p>Es Decir:<\/p>\n<ul>\n<li>Delegados(as) episcopales<br \/>\ny sus comisiones.<\/li>\n<li>Coordinadores pastorales y<br \/>\nde capillas<\/li>\n<li>Secretarias<\/li>\n<li>Catequistas<\/li>\n<li>Equipos de Liturgia y Coro<\/li>\n<\/ul>\n<p>Acompa\u00f1amiento a los agentes evangelizadores<\/p>\n<p>El Equipo de Formaci\u00f3n crear\u00e1 instancias paralelas para acompa\u00f1ar y ayudar a los distintos agentes evangelizadores que<br \/>\nest\u00e9n participando en los talleres. Se apoyar\u00e1 con talleres de \u201creforzamiento\u201d y con apoyo m\u00e1s personalizado para los trabajos a<br \/>\nrealizar para cada curso<\/p>\n<p>Para mayor informaci\u00f3n y valores de formaci\u00f3n, revisa el siguiente enlace:<\/p>\n<p><a href=\"https:\/\/obispadosanfelipe.cl\/2020\/wp-content\/uploads\/2022\/02\/Centro-Formacion-Apostol-San-Felipe.pdf\">Centro Formaci\u00f3n Ap\u00f3stol San Felipe<\/a><\/p>\n","protected":false},"excerpt":{"rendered":"<p>La Di\u00f3cesis de San Felipe ofrece a todos los agentes de pastoral un espacio de formaci\u00f3n y reflexi\u00f3n teol\u00f3gico- pastoral, en sinton\u00eda con los nuevos tiempos, que les permita profundizar&hellip;<\/p>\n","protected":false},"author":1,"featured_media":6722,"comment_status":"closed","ping_status":"open","sticky":false,"template":"","format":"standard","meta":[],"categories":[8],"tags":[],"_links":{"self":[{"href":"https:\/\/obispadosanfelipe.cl\/2020\/wp-json\/wp\/v2\/posts\/6721"}],"collection":[{"href":"https:\/\/obispadosanfelipe.cl\/2020\/wp-json\/wp\/v2\/posts"}],"about":[{"href":"https:\/\/obispadosanfelipe.cl\/2020\/wp-json\/wp\/v2\/types\/post"}],"author":[{"embeddable":true,"href":"https:\/\/obispadosanfelipe.cl\/2020\/wp-json\/wp\/v2\/users\/1"}],"replies":[{"embeddable":true,"href":"https:\/\/obispadosanfelipe.cl\/2020\/wp-json\/wp\/v2\/comments?post=6721"}],"version-history":[{"count":1,"href":"https:\/\/obispadosanfelipe.cl\/2020\/wp-json\/wp\/v2\/posts\/6721\/revisions"}],"predecessor-version":[{"id":6723,"href":"https:\/\/obispadosanfelipe.cl\/2020\/wp-json\/wp\/v2\/posts\/6721\/revisions\/6723"}],"wp:featuredmedia":[{"embeddable":true,"href":"https:\/\/obispadosanfelipe.cl\/2020\/wp-json\/wp\/v2\/media\/6722"}],"wp:attachment":[{"href":"https:\/\/obispadosanfelipe.cl\/2020\/wp-json\/wp\/v2\/media?parent=6721"}],"wp:term":[{"taxonomy":"category","embeddable":true,"href":"https:\/\/obispadosanfelipe.cl\/2020\/wp-json\/wp\/v2\/categories?post=6721"},{"taxonomy":"post_tag","embeddable":true,"href":"https:\/\/obispadosanfelipe.cl\/2020\/wp-json\/wp\/v2\/tags?post=6721"}],"curies":[{"name":"wp","href":"https:\/\/api.w.org\/{rel}","templated":true}]}}