{"id":6729,"date":"2022-02-15T20:30:29","date_gmt":"2022-02-15T20:30:29","guid":{"rendered":"https:\/\/obispadosanfelipe.cl\/2020\/?p=6729"},"modified":"2022-02-21T20:31:43","modified_gmt":"2022-02-21T20:31:43","slug":"el-papa-transfiere-a-los-obispos-competencias-reservadas-a-la-santa-sede","status":"publish","type":"post","link":"https:\/\/obispadosanfelipe.cl\/2020\/el-papa-transfiere-a-los-obispos-competencias-reservadas-a-la-santa-sede\/","title":{"rendered":"El Papa transfiere a los obispos competencias reservadas a la Santa Sede"},"content":{"rendered":"<p><em>Con un motu proprio, Francisco ha establecido que los ordinarios de las Iglesias locales podr\u00e1n intervenir en la gesti\u00f3n de los seminarios, la formaci\u00f3n sacerdotal, la redacci\u00f3n de los catecismos y otros sectores sin pedir la aprobaci\u00f3n del Vaticano, sino una confirmaci\u00f3n m\u00e1s sencilla.<\/em><\/p>\n<hr \/>\n<p>&nbsp;<\/p>\n<p>Ya no es una \u00abaprobaci\u00f3n\u00bb del Vaticano, sino una \u00abconfirmaci\u00f3n\u00bb.\u00a0<b><a href=\"https:\/\/press.vatican.va\/content\/salastampa\/it\/bollettino\/pubblico\/2022\/02\/15\/0109\/00219.html\" target=\"_blank\" rel=\"noopener\">La novedad esencial del motu proprio<\/a><\/b>\u00a0con el que el Papa ha decidido modificar la asignaci\u00f3n de algunas competencias previstas por el C\u00f3digo de Derecho Can\u00f3nico, tanto de la Iglesia latina como de las Iglesias orientales.<\/p>\n<p>Entre ellas, se encuentra la competencia de las Conferencias Episcopales para publicar catecismos. Una de las primeras novedades se refiere a la transferencia de la Santa Sede al obispo diocesano de la facultad de crear un seminario en su territorio sin tener que esperar la aprobaci\u00f3n de Roma, sino simplemente su confirmaci\u00f3n. El objetivo, como se define en la introducci\u00f3n del motu proprio, es fomentar una \u00absana descentralizaci\u00f3n\u00bb que dinamice las decisiones en el \u00e1mbito eclesial.<\/p>\n<p>Una posibilidad an\u00e1loga se concede a los obispos en lo que respecta a la formaci\u00f3n sacerdotal (los obispos pueden adaptarla \u00aba las necesidades pastorales de cada regi\u00f3n o provincia\u00bb) y a la incardinaci\u00f3n de los sacerdotes, que a partir de ahora podr\u00e1n incardinarse -adem\u00e1s de en una Iglesia o Instituto religioso concreto- tambi\u00e9n en una \u00abasociaci\u00f3n p\u00fablica clerical\u00bb, reconocida por la Santa Sede, para evitar \u00abcl\u00e9rigos ac\u00e9falos y errantes\u00bb.<\/p>\n<p>El criterio de descentralizaci\u00f3n, pero tambi\u00e9n de \u00abproximidad\u00bb, se refleja igualmente en el alargamiento de 3 a 5 a\u00f1os del periodo de \u00abexclaustraci\u00f3n\u00bb, es decir, la posibilidad que autoriza a un religioso a vivir fuera de su propio Instituto por motivos graves.<\/p>\n<p>El motu proprio, adem\u00e1s de intervenir sobre la competencia de las Conferencias Episcopales para publicar los catecismos, interviene transfiriendo de la Santa Sede a las Iglesias locales, la responsabilidad de las decisiones sobre posibles reducciones en el n\u00famero de misas a celebrar con respecto a las intenciones y recepciones.<\/p>\n<p>Principios que inspiraron este Motu Proprio<br \/>\nEn este sentido, Monse\u00f1or Marco Mellino, secretario del Consejo de Cardenales y miembro del Consejo Pontificio para los Textos Legislativos, explica los principios generales que inspiraron el motu proprio del Papa:<\/p>\n<p>El Motu proprio, por el que se cambian algunas normas de los dos C\u00f3digos de la Iglesia cat\u00f3lica -el C\u00f3digo de Derecho Can\u00f3nico para la Iglesia latina y el C\u00f3digo de C\u00e1nones de las Iglesias Orientales para la Iglesia oriental- es una pieza que se suma a la labor de reforma que el Papa Francisco ha iniciado desde el inicio de su pontificado y que sigue llevando adelante.<\/p>\n<p>Responde al esp\u00edritu de \u00absana descentralizaci\u00f3n\u00bb indicado en la Exhortaci\u00f3n Apost\u00f3lica Evangelii Gaudium, n\u00ba 32, orientada a fomentar y potenciar la din\u00e1mica de proximidad en la Iglesia, sin comprometer por ello la comuni\u00f3n jer\u00e1rquica.<\/p>\n<p>La intenci\u00f3n que lo anima es profundamente pastoral y queda bien delineada en el ep\u00edgrafe introductorio del texto, en el que se dice que, teniendo en cuenta la cultura eclesial y la mentalidad jur\u00eddica propia de cada C\u00f3digo, ciertas competencias hasta ahora atribuidas a la Santa Sede y, por tanto, ejercidas por el gobierno central, se est\u00e1n \u00abdescentralizando\u00bb, es decir, se est\u00e1n asignando a los Obispos (diocesanos\/episcopales o unidos en Conferencias Episcopales o seg\u00fan las estructuras jer\u00e1rquicas orientales) y a los Superiores Mayores de los Institutos de Vida Consagrada y de las Sociedades de Vida Apost\u00f3lica con la intenci\u00f3n precisa de fomentar sobre todo el sentido de colegialidad y de responsabilidad pastoral, as\u00ed como de favorecer los principios de racionalidad, eficacia y eficiencia.<\/p>\n<p>Es evidente, en efecto, que cuando la autoridad tiene un conocimiento directo y m\u00e1s cercano de las personas y de los casos que requieren una acci\u00f3n pastoral de gobierno, esta acci\u00f3n, por su misma proximidad, puede tener una eficacia m\u00e1s r\u00e1pida.<\/p>\n<p>En este sentido, por tanto, los cambios normativos que se introducen con este Motu Proprio reflejan a\u00fan m\u00e1s la universalidad compartida y plural de la Iglesia, que incluye las diferencias sin homologarlas, garantizadas, en cuanto a su unidad, por el ministerio petrino propio del Obispo de Roma.<\/p>\n<p>&#8211;\u00a0<b><a href=\"https:\/\/press.vatican.va\/content\/salastampa\/it\/bollettino\/pubblico\/2022\/02\/15\/0109\/00219.html\" target=\"_blank\" rel=\"noopener\">Motu Proprio<\/a><\/b><\/p>\n<p>Fuente:\u00a0<b><a href=\"http:\/\/www.vaticannews.va\/\" target=\"_blank\" rel=\"noopener\">www.vaticannews.va<\/a><\/b><br \/>\n<span class=\"texto_fecha\"><em>Ciudad del Vaticano, 15-02-2022<\/em><\/span><\/p>\n","protected":false},"excerpt":{"rendered":"<p>Con un motu proprio, Francisco ha establecido que los ordinarios de las Iglesias locales podr\u00e1n intervenir en la gesti\u00f3n de los seminarios, la formaci\u00f3n sacerdotal, la redacci\u00f3n de los catecismos&hellip;<\/p>\n","protected":false},"author":1,"featured_media":6730,"comment_status":"closed","ping_status":"open","sticky":false,"template":"","format":"standard","meta":[],"categories":[8],"tags":[],"_links":{"self":[{"href":"https:\/\/obispadosanfelipe.cl\/2020\/wp-json\/wp\/v2\/posts\/6729"}],"collection":[{"href":"https:\/\/obispadosanfelipe.cl\/2020\/wp-json\/wp\/v2\/posts"}],"about":[{"href":"https:\/\/obispadosanfelipe.cl\/2020\/wp-json\/wp\/v2\/types\/post"}],"author":[{"embeddable":true,"href":"https:\/\/obispadosanfelipe.cl\/2020\/wp-json\/wp\/v2\/users\/1"}],"replies":[{"embeddable":true,"href":"https:\/\/obispadosanfelipe.cl\/2020\/wp-json\/wp\/v2\/comments?post=6729"}],"version-history":[{"count":1,"href":"https:\/\/obispadosanfelipe.cl\/2020\/wp-json\/wp\/v2\/posts\/6729\/revisions"}],"predecessor-version":[{"id":6731,"href":"https:\/\/obispadosanfelipe.cl\/2020\/wp-json\/wp\/v2\/posts\/6729\/revisions\/6731"}],"wp:featuredmedia":[{"embeddable":true,"href":"https:\/\/obispadosanfelipe.cl\/2020\/wp-json\/wp\/v2\/media\/6730"}],"wp:attachment":[{"href":"https:\/\/obispadosanfelipe.cl\/2020\/wp-json\/wp\/v2\/media?parent=6729"}],"wp:term":[{"taxonomy":"category","embeddable":true,"href":"https:\/\/obispadosanfelipe.cl\/2020\/wp-json\/wp\/v2\/categories?post=6729"},{"taxonomy":"post_tag","embeddable":true,"href":"https:\/\/obispadosanfelipe.cl\/2020\/wp-json\/wp\/v2\/tags?post=6729"}],"curies":[{"name":"wp","href":"https:\/\/api.w.org\/{rel}","templated":true}]}}