{"id":6752,"date":"2022-02-20T13:34:09","date_gmt":"2022-02-20T13:34:09","guid":{"rendered":"https:\/\/obispadosanfelipe.cl\/2020\/?p=6752"},"modified":"2022-02-22T13:37:52","modified_gmt":"2022-02-22T13:37:52","slug":"campana-de-cuaresma-de-fraternidad-apoyara-a-familias-vulnerables","status":"publish","type":"post","link":"https:\/\/obispadosanfelipe.cl\/2020\/campana-de-cuaresma-de-fraternidad-apoyara-a-familias-vulnerables\/","title":{"rendered":"Campa\u00f1a de Cuaresma de Fraternidad apoyar\u00e1 a familias vulnerables"},"content":{"rendered":"<p><em><strong>A partir de este a\u00f1o la campa\u00f1a de Cuaresma de Fraternidad cambia de sujeto prioritario y bajo el lema \u201cChile tiende la mano a las familias vulnerables\u201d, invita a sumarse y apoyar.<\/strong><\/em><\/p>\n<hr \/>\n<p>&nbsp;<\/p>\n<p>&nbsp;<\/p>\n<p>Entre el 2022 y el 2024, los aportes que se recauden con la Campa\u00f1a ir\u00e1n en apoyo de proyectos para beneficiar a las familias m\u00e1s vulnerables del pa\u00eds, teniendo a este sector de la poblaci\u00f3n como nuevo sujeto prioritario, luego de un proceso de consulta nacional con las di\u00f3cesis.<\/p>\n<p>La decisi\u00f3n se tom\u00f3 considerando la grave crisis humanitaria que vivimos producto de la pandemia por COVID-19, que ha originado grandes consecuencias en materia sanitaria, econ\u00f3mica y social. La invitaci\u00f3n es a que durante los 40 d\u00edas que dura la Campa\u00f1a que inicia el 2 de marzo con el Mi\u00e9rcoles de Cenizas y concluye el 10 de abril con el Domingo de Ramos, se pueda aportar, entendiendo que hay diversos tipos de \u201cFamilia\u201d que requieren de nuestro apoyo.<\/p>\n<p>Con los fondos que se recauden durante el tiempo de Campa\u00f1a se desarrollar\u00e1n diversos proyectos en beneficio de esas familias a nivel nacional.<\/p>\n<p>La nueva campa\u00f1a de sensibilizaci\u00f3n fue preparada por el equipo nacional y ser\u00e1 lanzada el pr\u00f3ximo 2 de marzo.<\/p>\n<p>Para mayor informaci\u00f3n\u00a0<b><a href=\"http:\/\/www.cuaresmadefraternidad.cl\/\" target=\"_blank\" rel=\"noopener\">http:\/\/www.cuaresmadefraternidad.cl<\/a><\/b><\/p>\n<p>Fuente: Comunicaciones Cuaresma de Fraternidad<\/p>\n<p>&nbsp;<\/p>\n<p><img loading=\"lazy\" class=\"aligncenter  wp-image-6754\" src=\"https:\/\/obispadosanfelipe.cl\/2020\/wp-content\/uploads\/2022\/02\/Gale6203d61c0f25c_09022022_1156am-300x125.jpg\" alt=\"\" width=\"420\" height=\"175\" srcset=\"https:\/\/obispadosanfelipe.cl\/2020\/wp-content\/uploads\/2022\/02\/Gale6203d61c0f25c_09022022_1156am-300x125.jpg 300w, https:\/\/obispadosanfelipe.cl\/2020\/wp-content\/uploads\/2022\/02\/Gale6203d61c0f25c_09022022_1156am-768x319.jpg 768w, https:\/\/obispadosanfelipe.cl\/2020\/wp-content\/uploads\/2022\/02\/Gale6203d61c0f25c_09022022_1156am.jpg 1000w\" sizes=\"(max-width: 420px) 100vw, 420px\" \/><\/p>\n","protected":false},"excerpt":{"rendered":"<p>A partir de este a\u00f1o la campa\u00f1a de Cuaresma de Fraternidad cambia de sujeto prioritario y bajo el lema \u201cChile tiende la mano a las familias vulnerables\u201d, invita a sumarse&hellip;<\/p>\n","protected":false},"author":1,"featured_media":6755,"comment_status":"closed","ping_status":"open","sticky":false,"template":"","format":"standard","meta":[],"categories":[8],"tags":[],"_links":{"self":[{"href":"https:\/\/obispadosanfelipe.cl\/2020\/wp-json\/wp\/v2\/posts\/6752"}],"collection":[{"href":"https:\/\/obispadosanfelipe.cl\/2020\/wp-json\/wp\/v2\/posts"}],"about":[{"href":"https:\/\/obispadosanfelipe.cl\/2020\/wp-json\/wp\/v2\/types\/post"}],"author":[{"embeddable":true,"href":"https:\/\/obispadosanfelipe.cl\/2020\/wp-json\/wp\/v2\/users\/1"}],"replies":[{"embeddable":true,"href":"https:\/\/obispadosanfelipe.cl\/2020\/wp-json\/wp\/v2\/comments?post=6752"}],"version-history":[{"count":1,"href":"https:\/\/obispadosanfelipe.cl\/2020\/wp-json\/wp\/v2\/posts\/6752\/revisions"}],"predecessor-version":[{"id":6756,"href":"https:\/\/obispadosanfelipe.cl\/2020\/wp-json\/wp\/v2\/posts\/6752\/revisions\/6756"}],"wp:featuredmedia":[{"embeddable":true,"href":"https:\/\/obispadosanfelipe.cl\/2020\/wp-json\/wp\/v2\/media\/6755"}],"wp:attachment":[{"href":"https:\/\/obispadosanfelipe.cl\/2020\/wp-json\/wp\/v2\/media?parent=6752"}],"wp:term":[{"taxonomy":"category","embeddable":true,"href":"https:\/\/obispadosanfelipe.cl\/2020\/wp-json\/wp\/v2\/categories?post=6752"},{"taxonomy":"post_tag","embeddable":true,"href":"https:\/\/obispadosanfelipe.cl\/2020\/wp-json\/wp\/v2\/tags?post=6752"}],"curies":[{"name":"wp","href":"https:\/\/api.w.org\/{rel}","templated":true}]}}